{"id":66829,"date":"2019-11-07T05:00:00","date_gmt":"2019-11-07T10:00:00","guid":{"rendered":"https:\/\/linitiative.ca\/International\/tamina\/"},"modified":"2019-11-07T05:00:00","modified_gmt":"2019-11-07T10:00:00","slug":"tamina","status":"publish","type":"post","link":"https:\/\/linitiative.ca\/International\/tamina\/","title":{"rendered":"Tamina"},"content":{"rendered":"<p><em><strong>Pour environ 2 bol de semoule grill\u00e9e 1 bol de miel 1 bol de beurre\u00a01\/2 cuil \u00e0 c. de hror\u00a0<\/strong><\/em><br \/>Faites griller la semoule moyenne \u00e0 petit feu jusqu\u2019\u00e0 ce qu\u2019elle prenne une belle couleur dor\u00e9e.<br \/>Laisser refroidir compl\u00e8tement. De pr\u00e9f\u00e9rence, le faire un ou 2 jours avant. Dans une casserole, faites fondre le miel avec le beurre et une pinc\u00e9e de hror,<br \/>versez-y en pluie la semoule tout en m\u00e9langeant. La p\u00e2te doit \u00eatre ni trop ferme ni trop l\u00e9g\u00e8re. Verser dans des petites coupes,\u00a0 d\u00e9corer avec les amandes effil\u00e9es et parsemer l\u00e9g\u00e8rement de hror ou de cannelle.<\/p>\n<p>Auteur:<br \/>\n<a href=\"https:\/\/www.lesoirdalgerie.com\/femme-magazine\/tamina-33154\">Cliquez ici pour lire l&rsquo;article depuis sa source.<\/a><\/p>\n","protected":false},"excerpt":{"rendered":"<p>Pour environ 2 bol de semoule grill\u00e9e 1 bol de miel 1 bol de beurre\u00a01\/2 cuil \u00e0 c. de hror\u00a0Faites griller la semoule moyenne \u00e0 petit feu jusqu\u2019\u00e0 ce qu\u2019elle prenne une belle couleur dor\u00e9e.Laisser refroidir compl\u00e8tement. De pr\u00e9f\u00e9rence, le faire un ou 2 jours avant. Dans une casserole, faites fondre le miel avec le [&hellip;]<\/p>\n","protected":false},"author":1741,"featured_media":0,"comment_status":"closed","ping_status":"closed","sticky":false,"template":"","format":"standard","meta":{"fifu_image_url":"","fifu_image_alt":"","footnotes":""},"categories":[73,53],"tags":[],"class_list":["post-66829","post","type-post","status-publish","format-standard","hentry","category-actualite","category-algerie"],"_links":{"self":[{"href":"https:\/\/linitiative.ca\/International\/wp-json\/wp\/v2\/posts\/66829","targetHints":{"allow":["GET"]}}],"collection":[{"href":"https:\/\/linitiative.ca\/International\/wp-json\/wp\/v2\/posts"}],"about":[{"href":"https:\/\/linitiative.ca\/International\/wp-json\/wp\/v2\/types\/post"}],"author":[{"embeddable":true,"href":"https:\/\/linitiative.ca\/International\/wp-json\/wp\/v2\/users\/1741"}],"replies":[{"embeddable":true,"href":"https:\/\/linitiative.ca\/International\/wp-json\/wp\/v2\/comments?post=66829"}],"version-history":[{"count":0,"href":"https:\/\/linitiative.ca\/International\/wp-json\/wp\/v2\/posts\/66829\/revisions"}],"wp:attachment":[{"href":"https:\/\/linitiative.ca\/International\/wp-json\/wp\/v2\/media?parent=66829"}],"wp:term":[{"taxonomy":"category","embeddable":true,"href":"https:\/\/linitiative.ca\/International\/wp-json\/wp\/v2\/categories?post=66829"},{"taxonomy":"post_tag","embeddable":true,"href":"https:\/\/linitiative.ca\/International\/wp-json\/wp\/v2\/tags?post=66829"}],"curies":[{"name":"wp","href":"https:\/\/api.w.org\/{rel}","templated":true}]}}