{"id":66839,"date":"2019-11-07T10:56:53","date_gmt":"2019-11-07T15:56:53","guid":{"rendered":"https:\/\/linitiative.ca\/International\/comment-la-marche-verte-a-lance-le-processus-democratique\/"},"modified":"2019-11-07T10:56:53","modified_gmt":"2019-11-07T15:56:53","slug":"comment-la-marche-verte-a-lance-le-processus-democratique","status":"publish","type":"post","link":"https:\/\/linitiative.ca\/International\/comment-la-marche-verte-a-lance-le-processus-democratique\/","title":{"rendered":"Comment la Marche verte a lanc\u00e9 le processus d\u00e9mocratique"},"content":{"rendered":"<p><strong>La Marche verte \u00e9tait un coup de g\u00e9nie, elle a impos\u00e9 la d\u00e9colonisation mais a aussi impuls\u00e9 un processus de d\u00e9mocratisation qui a abouti au gouvernement d\u2019alternance. C\u2019est ce front int\u00e9rieur solide qui permet aujourd\u2019hui les succ\u00e8s diplomatiques et l\u2019isolement de l\u2019Alg\u00e9rie et des s\u00e9paratistes.\u00a0<\/strong><\/p>\n<div class=\"c10\"\/>\n<p>Feu Hassan II a re\u00e7u en 1972 une missive du G\u00e9n\u00e9ral Franco, lui demandant de l\u2019aider \u00e0 cr\u00e9er un Etat du Sahara Occidental en s\u2019appuyant sur la fameuse \u00abJama\u00e2\u00bb, parlement croupion local. Le sang du monarque marocain n\u2019a fait qu\u2019un tour. Abdellatif Filali raconte dans ses m\u00e9moires la col\u00e8re du Roi. Un Etat au sud du Maroc signifiait strat\u00e9giquement la coupure du pays avec ses racines africaines et sa transformation en une \u00eele encercl\u00e9e.<\/p>\n<p>Hassan II a beaucoup r\u00e9fl\u00e9chi et dans une situation g\u00e9opolitique qui \u00e9tait celle de la guerre froide, a cherch\u00e9 \u00e0 avoir le soutien le plus large. C\u2019est pour cela qu\u2019il a introduit la question aupr\u00e8s de la Cour internationale de la Haye.<\/p>\n<p>Mais cette d\u00e9marche n\u2019avait de sens que si l\u2019unanimisme \u00e9tait au rendez-vous. Or, le Maroc sortait de deux tentatives de coup d\u2019Etat et, en mars 73, d\u2019une tentative de gu\u00e9rilla. Le g\u00e9nie de Hassan II c\u2019est qu\u2019il a r\u00e9ussi \u00e0 transcender les divergences, qui mettaient en cause sa propre l\u00e9gitimit\u00e9, pour cr\u00e9er une unit\u00e9 autour de ce qui devient la premi\u00e8re cause nationale. Allal El Fassi est mort \u00e0 Bucarest, alors qu\u2019il rencontrait Ceausescu pour d\u00e9fendre la marocanit\u00e9 du Sahara. Abderrahim Bouabid a m\u00eame visit\u00e9 le Chah d\u2019Iran qui n\u2019\u00e9tait pas sa tasse de th\u00e9 id\u00e9ologiquement.<\/p>\n<p><strong>Lire la suite du dossier dans votre magazine Challenge en vente dans tous les kiosques \u00e0 journaux.<\/strong><\/p>\n<p><img decoding=\"async\" src=\"https:\/\/www.challenge.ma\/wp-content\/uploads\/2019\/11\/1-Couverture-716-ok-786x1024.jpg\" alt=\"\" class=\"wp-image-122626\" srcset=\"https:\/\/www.challenge.ma\/wp-content\/uploads\/2019\/11\/1-Couverture-716-ok-786x1024.jpg 786w, https:\/\/www.challenge.ma\/wp-content\/uploads\/2019\/11\/1-Couverture-716-ok-230x300.jpg 230w, https:\/\/www.challenge.ma\/wp-content\/uploads\/2019\/11\/1-Couverture-716-ok-768x1001.jpg 768w, https:\/\/www.challenge.ma\/wp-content\/uploads\/2019\/11\/1-Couverture-716-ok-360x469.jpg 360w, https:\/\/www.challenge.ma\/wp-content\/uploads\/2019\/11\/1-Couverture-716-ok-750x977.jpg 750w, https:\/\/www.challenge.ma\/wp-content\/uploads\/2019\/11\/1-Couverture-716-ok.jpg 921w\" sizes=\"(max-width: 786px) 100vw, 786px\"\/><\/p>\n<div class=\"c17\">\n<fieldset class=\"c16\">\n<legend><strong><span class=\"c11\">Challenge<\/span><span class=\"c12\">news<\/span><\/strong><\/legend>\n<div class=\"c15\">Le meilleur de la r\u00e9daction s\u00e9lectionn\u00e9 par Challenge :<\/p>\n<\/div>\n<\/fieldset>\n<\/div>\n<p>Auteur: Adama Sylla<br \/>\n<a href=\"https:\/\/www.challenge.ma\/comment-la-marche-verte-a-lance-le-processus-democratique-122687\/\">Cliquez ici pour lire l&rsquo;article depuis sa source.<\/a><\/p>\n","protected":false},"excerpt":{"rendered":"<p>La Marche verte \u00e9tait un coup de g\u00e9nie, elle a impos\u00e9 la d\u00e9colonisation mais a aussi impuls\u00e9 un processus de d\u00e9mocratisation qui a abouti au gouvernement d\u2019alternance. C\u2019est ce front int\u00e9rieur solide qui permet aujourd\u2019hui les succ\u00e8s diplomatiques et l\u2019isolement de l\u2019Alg\u00e9rie et des s\u00e9paratistes.\u00a0 Feu Hassan II a re\u00e7u en 1972 une missive du [&hellip;]<\/p>\n","protected":false},"author":1787,"featured_media":66840,"comment_status":"closed","ping_status":"closed","sticky":false,"template":"","format":"standard","meta":{"fifu_image_url":"","fifu_image_alt":"","footnotes":""},"categories":[78,54],"tags":[],"class_list":["post-66839","post","type-post","status-publish","format-standard","has-post-thumbnail","hentry","category-economie","category-maroc"],"_links":{"self":[{"href":"https:\/\/linitiative.ca\/International\/wp-json\/wp\/v2\/posts\/66839","targetHints":{"allow":["GET"]}}],"collection":[{"href":"https:\/\/linitiative.ca\/International\/wp-json\/wp\/v2\/posts"}],"about":[{"href":"https:\/\/linitiative.ca\/International\/wp-json\/wp\/v2\/types\/post"}],"author":[{"embeddable":true,"href":"https:\/\/linitiative.ca\/International\/wp-json\/wp\/v2\/users\/1787"}],"replies":[{"embeddable":true,"href":"https:\/\/linitiative.ca\/International\/wp-json\/wp\/v2\/comments?post=66839"}],"version-history":[{"count":0,"href":"https:\/\/linitiative.ca\/International\/wp-json\/wp\/v2\/posts\/66839\/revisions"}],"wp:featuredmedia":[{"embeddable":true,"href":"https:\/\/linitiative.ca\/International\/wp-json\/"}],"wp:attachment":[{"href":"https:\/\/linitiative.ca\/International\/wp-json\/wp\/v2\/media?parent=66839"}],"wp:term":[{"taxonomy":"category","embeddable":true,"href":"https:\/\/linitiative.ca\/International\/wp-json\/wp\/v2\/categories?post=66839"},{"taxonomy":"post_tag","embeddable":true,"href":"https:\/\/linitiative.ca\/International\/wp-json\/wp\/v2\/tags?post=66839"}],"curies":[{"name":"wp","href":"https:\/\/api.w.org\/{rel}","templated":true}]}}