{"id":66845,"date":"2019-11-07T14:55:16","date_gmt":"2019-11-07T19:55:16","guid":{"rendered":"https:\/\/linitiative.ca\/International\/equipe-nationale-programme-du-stage-de-preparation\/"},"modified":"2019-11-07T14:55:16","modified_gmt":"2019-11-07T19:55:16","slug":"equipe-nationale-programme-du-stage-de-preparation","status":"publish","type":"post","link":"https:\/\/linitiative.ca\/International\/equipe-nationale-programme-du-stage-de-preparation\/","title":{"rendered":"Equipe nationale : programme du stage de pr\u00e9paration"},"content":{"rendered":"<p><span data-contrast=\"auto\">L\u2019\u00e9quipe nationale de football d\u00e9butera ce dimanche un stage de pr\u00e9paration en pr\u00e9vision d\u2019affronter la Libye et la Guin\u00e9e \u00e9quatoriale dans le cadre des \u00e9liminatoires de la CAN 2021.<\/span><span data-ccp-props=\"{\"201341983\":0,\"335559739\":160,\"335559740\":259}\">\u00a0<\/span><\/p>\n<p><span data-contrast=\"auto\">Pour\u00a0\u00e9laborer la confrontation contre la Libye pour le compte de la seconde journ\u00e9e des \u00e9liminatoires, la bande \u00e0 Mondher\u00a0<\/span><span data-contrast=\"auto\">Kebaier<\/span><span data-contrast=\"auto\">\u00a0effectueront\u00a05\u00a0s\u00e9ances d\u2019entra\u00eenements au stade olympique d\u2019El\u00a0<\/span><span data-contrast=\"auto\">Menzah,<\/span><span data-contrast=\"auto\">\u00a0d\u00e8s ce dimanche \u00e0 raison d\u2019une s\u00e9ance par jour.<\/span><span data-ccp-props=\"{\"201341983\":0,\"335559739\":160,\"335559740\":259}\">\u00a0<\/span><\/p>\n<div class=\"code-block code-block-1 c4\"><ins class=\"adsbygoogle c3\" data-ad-layout=\"in-article\" data-ad-format=\"fluid\" data-ad-client=\"ca-pub-2102118777505746\" data-ad-slot=\"7301775417\"\/> <\/div>\n<p><span data-contrast=\"auto\">Alors que le match face \u00e0 la Libye aura lieu le vendredi 15 novembre \u00e0 (20h00), les co\u00e9quipiers de Youssef Msakni<\/span> <span data-contrast=\"auto\">effectueront une s\u00e9ance d\u2019entra\u00eenement dans la matinale du samedi avant de prendre la destination de la capitale de la Guin\u00e9e\u00a0\u00e9quatoriale, Malabo, \u00e0 (16h30).\u00a0<\/span><span data-ccp-props=\"{\"201341983\":0,\"335559739\":160,\"335559740\":259}\">\u00a0<\/span><\/p>\n<p><span data-contrast=\"auto\">\u00c0 Malabo, deux s\u00e9ances d\u2019entra\u00eenement seront au programme avant de d\u00e9fier la Guin\u00e9e\u00a0<\/span><span data-contrast=\"auto\">\u00e9quatoriale en deuxi\u00e8me journ\u00e9e des \u00e9liminatoires, mardi 19 novembre \u00e0 (20h00).<\/span><span data-ccp-props=\"{\"201341983\":0,\"335559739\":160,\"335559740\":259}\">\u00a0<\/span><\/p>\n<p>Pour rappel, le s\u00e9lectionneur national a convoqu\u00e9 la liste suivante pour ces deux rencontres :<\/p>\n<p><span data-contrast=\"auto\">Farouk Ben Mustapha,\u00a0<\/span><span data-contrast=\"auto\">Moez<\/span><span data-contrast=\"auto\">\u00a0Ben\u00a0<\/span><span data-contrast=\"auto\">Cherifia<\/span><span data-contrast=\"auto\">, Aymen\u00a0<\/span><span data-contrast=\"auto\">Dahmen<\/span><span data-contrast=\"auto\">, Aymen\u00a0<\/span><span data-contrast=\"auto\">Abdennour<\/span><span data-contrast=\"auto\">,\u00a0<\/span><span data-contrast=\"auto\">Anice<\/span><span data-contrast=\"auto\">\u00a0Badri,\u00a0<\/span><span data-contrast=\"auto\">Sadem<\/span><span data-contrast=\"auto\">\u00a0Ben Aziza, Aymen Ben Mohamed, Mohamed Ali Ben\u00a0<\/span><span data-contrast=\"auto\">Romdhane<\/span><span data-contrast=\"auto\">, Saad\u00a0<\/span><span data-contrast=\"auto\">Bguir<\/span><span data-contrast=\"auto\">, Dylan\u00a0<\/span><span data-contrast=\"auto\">Bronn<\/span><span data-contrast=\"auto\">,\u00a0<\/span><span data-contrast=\"auto\">Ghaylene<\/span><span data-contrast=\"auto\">\u00a0<\/span><span data-contrast=\"auto\">Chaalali<\/span><span data-contrast=\"auto\">, Mohamed<\/span> <span data-contrast=\"auto\">Dragher<\/span><span data-contrast=\"auto\">, Oussama Haddadi, Seif Eddine\u00a0<\/span><span data-contrast=\"auto\">Khaoui<\/span><span data-contrast=\"auto\">,\u00a0<\/span><span data-contrast=\"auto\">Wahbi<\/span><span data-contrast=\"auto\">\u00a0<\/span><span data-contrast=\"auto\">Khazri<\/span><span data-contrast=\"auto\">, Wajdi\u00a0<\/span><span data-contrast=\"auto\">Kechrida<\/span><span data-contrast=\"auto\">, Taha Yassine\u00a0<\/span><span data-contrast=\"auto\">Khenissi<\/span><span data-contrast=\"auto\">, Ali\u00a0<\/span><span data-contrast=\"auto\">Maaloul<\/span><span data-contrast=\"auto\">, Yassine\u00a0<\/span><span data-contrast=\"auto\">Meriah<\/span><span data-contrast=\"auto\">, Youssef\u00a0<\/span><span data-contrast=\"auto\">Msakni<\/span><span data-contrast=\"auto\">, Hamdi\u00a0<\/span><span data-contrast=\"auto\">Naguez<\/span><span data-contrast=\"auto\">, Hamza\u00a0<\/span><span data-contrast=\"auto\">Rafiaa<\/span><span data-contrast=\"auto\">,\u00a0<\/span><span data-contrast=\"auto\">Ferjani<\/span><span data-contrast=\"auto\">\u00a0Sassi,\u00a0<\/span><span data-contrast=\"auto\">Elyess<\/span><span data-contrast=\"auto\">\u00a0<\/span><span data-contrast=\"auto\">Skhiri<\/span><span data-contrast=\"auto\">, Naim\u00a0<\/span><span data-contrast=\"auto\">Sliti<\/span><span data-contrast=\"auto\">.<\/span><span data-ccp-props=\"{\"201341983\":0,\"335559739\":160,\"335559740\":259}\">\u00a0<\/span><\/p>\n<div class=\"heateor_sss_sharing_container heateor_sss_horizontal_sharing\" heateor-sss-data-href=\"https:\/\/sport.tunisienumerique.com\/equipe-nationale-programme-stage-de-preparation\/\" heateor-sss-no-counts=\"1\">\n<div class=\"heateor_sss_sharing_title c5\">Cet article vous a \u00e9t\u00e9 utile? Partagez le, il int\u00e9ressera d\u2019autres personnes. Merci!<\/div>\n<ul class=\"heateor_sss_sharing_ul\">\n<li class=\"heateorSssSharingRound\"><em alt=\"Facebook\" title=\"Facebook\" class=\"heateorSssSharing heateorSssFacebookBackground c6\" onclick=\"heateorSssPopup(\"https:\/\/www.facebook.com\/sharer\/sharer.php?u=https%3A%2F%2Fsport.tunisienumerique.com%2Fequipe-nationale-programme-stage-de-preparation%2F%3Ffbclid%3DIwAR16RdmenAs5TW0CbFfYBJPNhgC5e3TT0nNSRUgaphRPQ89nw8lHqdmim9I\")\">\u00a0<\/em><\/li>\n<li class=\"heateorSssSharingRound\"><em alt=\"Twitter\" title=\"Twitter\" class=\"heateorSssSharing heateorSssTwitterBackground c6\" onclick=\"heateorSssPopup(\"http:\/\/twitter.com\/intent\/tweet?text=Equipe%20nationale%20%3A%20programme%20du%20stage%20de%20pr%C3%A9paration&#038;url=https%3A%2F%2Fsport.tunisienumerique.com%2Fequipe-nationale-programme-stage-de-preparation%2F%3Ffbclid%3DIwAR16RdmenAs5TW0CbFfYBJPNhgC5e3TT0nNSRUgaphRPQ89nw8lHqdmim9I\")\">\u00a0<\/em><\/li>\n<li class=\"heateorSssSharingRound\"><em alt=\"Linkedin\" title=\"Linkedin\" class=\"heateorSssSharing heateorSssLinkedinBackground c6\" onclick=\"heateorSssPopup(\"http:\/\/www.linkedin.com\/shareArticle?mini=true&#038;url=https%3A%2F%2Fsport.tunisienumerique.com%2Fequipe-nationale-programme-stage-de-preparation%2F%3Ffbclid%3DIwAR16RdmenAs5TW0CbFfYBJPNhgC5e3TT0nNSRUgaphRPQ89nw8lHqdmim9I&#038;title=Equipe%20nationale%20%3A%20programme%20du%20stage%20de%20pr%C3%A9paration\")\">\u00a0<\/em><\/li>\n<li class=\"heateorSssSharingRound\"><em alt=\"Google Gmail\" title=\"Google Gmail\" class=\"heateorSssSharing heateorSssGoogleGmailBackground c6\" onclick=\"heateorSssPopup(\"https:\/\/mail.google.com\/mail\/?ui=2&#038;view=cm&#038;fs=1&#038;tf=1&#038;su=Equipe%20nationale%20%3A%20programme%20du%20stage%20de%20pr%C3%A9paration&#038;body=Link:https%3A%2F%2Fsport.tunisienumerique.com%2Fequipe-nationale-programme-stage-de-preparation%2F%3Ffbclid%3DIwAR16RdmenAs5TW0CbFfYBJPNhgC5e3TT0nNSRUgaphRPQ89nw8lHqdmim9I\")\">\u00a0<\/em><\/li>\n<li class=\"heateorSssSharingRound\"><em alt=\"Whatsapp\" title=\"Whatsapp\" class=\"heateorSssSharing heateorSssWhatsappBackground c6\"><a href=\"https:\/\/web.whatsapp.com\/send?text=Equipe%20nationale%20%3A%20programme%20du%20stage%20de%20pr%C3%A9paration%20https%3A%2F%2Fsport.tunisienumerique.com%2Fequipe-nationale-programme-stage-de-preparation%2F%3Ffbclid%3DIwAR16RdmenAs5TW0CbFfYBJPNhgC5e3TT0nNSRUgaphRPQ89nw8lHqdmim9I\" rel=\"nofollow noopener noreferrer\" target=\"_blank\">\u00a0<\/a><\/em><\/li>\n<li class=\"heateorSssSharingRound\">\u00a0<\/li>\n<\/ul>\n<\/div>\n<div class=\"mvp-org-wrap mvp-org-logo\" itemprop=\"publisher\" itemscope=\"\" itemtype=\"https:\/\/schema.org\/Organization\"><img decoding=\"async\" src=\"https:\/\/sport.tunisienumerique.com\/wp-content\/uploads\/2017\/05\/logo_tunisie_numerique.png\"\/><\/div>\n<div class=\"mvp-related-posts left relative\">\n<h4 class=\"post-header\"><span class=\"post-header\">Lire aussi<\/span><\/h4>\n<\/div>\n<p>Auteur: a.<br \/>\n<a href=\"https:\/\/sport.tunisienumerique.com\/equipe-nationale-programme-stage-de-preparation\/\">Cliquez ici pour lire l&rsquo;article depuis sa source.<\/a><\/p>\n","protected":false},"excerpt":{"rendered":"<p>L\u2019\u00e9quipe nationale de football d\u00e9butera ce dimanche un stage de pr\u00e9paration en pr\u00e9vision d\u2019affronter la Libye et la Guin\u00e9e \u00e9quatoriale dans le cadre des \u00e9liminatoires de la CAN 2021.\u00a0 Pour\u00a0\u00e9laborer la confrontation contre la Libye pour le compte de la seconde journ\u00e9e des \u00e9liminatoires, la bande \u00e0 Mondher\u00a0Kebaier\u00a0effectueront\u00a05\u00a0s\u00e9ances d\u2019entra\u00eenements au stade olympique d\u2019El\u00a0Menzah,\u00a0d\u00e8s ce dimanche [&hellip;]<\/p>\n","protected":false},"author":1789,"featured_media":66846,"comment_status":"closed","ping_status":"closed","sticky":false,"template":"","format":"standard","meta":{"fifu_image_url":"","fifu_image_alt":"","footnotes":""},"categories":[73,55],"tags":[],"class_list":["post-66845","post","type-post","status-publish","format-standard","has-post-thumbnail","hentry","category-actualite","category-tunisie"],"_links":{"self":[{"href":"https:\/\/linitiative.ca\/International\/wp-json\/wp\/v2\/posts\/66845","targetHints":{"allow":["GET"]}}],"collection":[{"href":"https:\/\/linitiative.ca\/International\/wp-json\/wp\/v2\/posts"}],"about":[{"href":"https:\/\/linitiative.ca\/International\/wp-json\/wp\/v2\/types\/post"}],"author":[{"embeddable":true,"href":"https:\/\/linitiative.ca\/International\/wp-json\/wp\/v2\/users\/1789"}],"replies":[{"embeddable":true,"href":"https:\/\/linitiative.ca\/International\/wp-json\/wp\/v2\/comments?post=66845"}],"version-history":[{"count":0,"href":"https:\/\/linitiative.ca\/International\/wp-json\/wp\/v2\/posts\/66845\/revisions"}],"wp:featuredmedia":[{"embeddable":true,"href":"https:\/\/linitiative.ca\/International\/wp-json\/"}],"wp:attachment":[{"href":"https:\/\/linitiative.ca\/International\/wp-json\/wp\/v2\/media?parent=66845"}],"wp:term":[{"taxonomy":"category","embeddable":true,"href":"https:\/\/linitiative.ca\/International\/wp-json\/wp\/v2\/categories?post=66845"},{"taxonomy":"post_tag","embeddable":true,"href":"https:\/\/linitiative.ca\/International\/wp-json\/wp\/v2\/tags?post=66845"}],"curies":[{"name":"wp","href":"https:\/\/api.w.org\/{rel}","templated":true}]}}