{"id":66847,"date":"2019-11-07T16:07:57","date_gmt":"2019-11-07T21:07:57","guid":{"rendered":"https:\/\/linitiative.ca\/International\/tunisie-video-comparaison-entre-les-prix-au-marche-de-tunis-et-celui-de-sfax-des-ecarts-incroyables-et-les-responsables-identifies\/"},"modified":"2019-11-07T16:07:57","modified_gmt":"2019-11-07T21:07:57","slug":"tunisie-video-comparaison-entre-les-prix-au-marche-de-tunis-et-celui-de-sfax-des-ecarts-incroyables-et-les-responsables-identifies","status":"publish","type":"post","link":"https:\/\/linitiative.ca\/International\/tunisie-video-comparaison-entre-les-prix-au-marche-de-tunis-et-celui-de-sfax-des-ecarts-incroyables-et-les-responsables-identifies\/","title":{"rendered":"Tunisie \u2013 VIDEO\u00a0: Comparaison entre les prix au march\u00e9 de Tunis et celui de Sfax\u00a0: Des \u00e9carts incroyables, et les responsables identifi\u00e9s"},"content":{"rendered":"<div class=\"post-cont-in left relative\">\n<div class=\"swp_social_panel swp_horizontal_panel swp_flat_fresh swp_default_full_color swp_individual_full_color swp_other_full_color scale-100 scale-\" data-min-width=\"1100\" data-float-color=\"#ffffff\" data-float=\"none\" data-float-mobile=\"none\" data-transition=\"slide\">\n<div class=\"nc_tweetContainer swp_share_button total_shares total_sharesalt\"><span class=\"swp_count\">5 <span class=\"swp_label\">Partages<\/span><\/span><\/div>\n<\/div>\n<p>La r\u00e9daction de Tunisienum\u00e9rique a op\u00e9r\u00e9 une petite enqu\u00eate pour comparer les prix des produits de consommation, notamment les fruits et l\u00e9gumes, entre les march\u00e9s de Sfax et de Tunis.<\/p>\n<div class=\"code-block code-block-1 c3\"><ins class=\"adsbygoogle c2\" data-ad-layout=\"in-article\" data-ad-format=\"fluid\" data-ad-client=\"ca-pub-2102118777505746\" data-ad-slot=\"7301775417\"\/> <\/div>\n<p>Et les \u00e9carts sont parfois incroyables, puisque les prix varient, souvent du simple au double, entre Sfax et Tunis.<\/p>\n<div class=\"code-block code-block-2 c3\"><ins class=\"adsbygoogle c2\" data-ad-layout=\"in-article\" data-ad-format=\"fluid\" data-ad-client=\"ca-pub-2102118777505746\" data-ad-slot=\"7301775417\"\/> <\/div>\n<p>Cette petite enqu\u00eate et ces r\u00e9sultats parlants, pointent du doigt le maillon de la cha\u00eene du commerce o\u00f9 se passe l\u2019arnaque et o\u00f9 les prix flambent. Une enqu\u00eate qui d\u00e9signe, tr\u00e8s pr\u00e9cis\u00e9ment, ceux qui sont en train de se remplir les poches, tout en affamant le tunisien.<\/p>\n<p>Au niveau de la production, il s\u2019agit le plus souvent du m\u00eame fournisseur et au niveau du commerce du d\u00e9tail, les marges des commer\u00e7ants sont assez limit\u00e9es et bien contr\u00f4l\u00e9es. Les parties responsables de la flamb\u00e9e des prix op\u00e9r\u00e9s \u00e0 Tunis sont identifiables, de fa\u00e7on quasi certaine. Il s\u2019agit sans aucun doute, des interm\u00e9diaires au niveau du march\u00e9 du gros.<\/p>\n<p>En effet, les produits entrent au march\u00e9 du gros \u00e0 Sfax comme \u00e0 Tunis, avec des prix presque similaires et en sortent deux fois plus chers \u00e0 Tunis qu\u2019\u00e0 Sfax.<\/p>\n<p>C\u2019est \u00e0 se demander ce qu\u2019attendent les services de contr\u00f4le des march\u00e9s du gros pour mettre un terme \u00e0 ces agissements qui sont tr\u00e8s graves. Si les commer\u00e7ants ne pensent qu\u2019\u00e0 se remplir les poches, il est du devoir de l\u2019administration de veiller au grain, car ses agents ne sont pas sans savoir qu\u2019avec des prix pareils, on demeure \u00e0 deux doigts d\u2019une r\u00e9volte qui risque d\u2019embraser le pays\u00a0: La r\u00e9volte des ventres vides\u00a0!<\/p>\n<p><strong>Que se passe-t-il en Tunisie?<\/strong><br \/>Nous expliquons sur notre <a href=\"https:\/\/www.youtube.com\/channel\/UCRzypVq0B_yBad5eGrwBx0Q?sub_confirmation=1\" target=\"_blank\" rel=\"noopener noreferrer\">cha\u00eene YouTube<\/a> . <a href=\"https:\/\/www.youtube.com\/channel\/UCRzypVq0B_yBad5eGrwBx0Q?sub_confirmation=1\" target=\"_blank\" rel=\"noopener noreferrer\">Abonnez-vous!<\/a><\/p>\n<div class=\"mvp-org-wrap mvp-org-logo\" itemprop=\"publisher\" itemscope=\"\" itemtype=\"https:\/\/schema.org\/Organization\"><img decoding=\"async\" src=\"https:\/\/www.tunisienumerique.com\/wp-content\/uploads\/2017\/02\/logo_tunisie_numerique.png\"\/><\/div>\n<div class=\"swp_social_panel swp_horizontal_panel swp_flat_fresh swp_default_full_color swp_individual_full_color swp_other_full_color scale-100 scale-\" data-min-width=\"1100\" data-float-color=\"#ffffff\" data-float=\"none\" data-float-mobile=\"none\" data-transition=\"slide\">\n<div class=\"nc_tweetContainer swp_share_button total_shares total_sharesalt\"><span class=\"swp_count\">5 <span class=\"swp_label\">Partages<\/span><\/span><\/div>\n<\/div>\n<div class=\"mvp-related-posts left relative\">\n<h4 class=\"post-header\"><span class=\"post-header\">Lire aussi<\/span><\/h4>\n<\/div>\n<\/div>\n<p>Auteur: Saber .<br \/>\n<a href=\"https:\/\/www.tunisienumerique.com\/tunisie-video-comparaison-entre-les-prix-au-marche-de-tunis-et-celui-de-sfax-des-ecarts-incroyables-et-les-responsables-identifies\/\">Cliquez ici pour lire l&rsquo;article depuis sa source.<\/a><\/p>\n","protected":false},"excerpt":{"rendered":"<p>5 Partages La r\u00e9daction de Tunisienum\u00e9rique a op\u00e9r\u00e9 une petite enqu\u00eate pour comparer les prix des produits de consommation, notamment les fruits et l\u00e9gumes, entre les march\u00e9s de Sfax et de Tunis. Et les \u00e9carts sont parfois incroyables, puisque les prix varient, souvent du simple au double, entre Sfax et Tunis. Cette petite enqu\u00eate et [&hellip;]<\/p>\n","protected":false},"author":1789,"featured_media":66848,"comment_status":"closed","ping_status":"closed","sticky":false,"template":"","format":"standard","meta":{"fifu_image_url":"","fifu_image_alt":"","footnotes":""},"categories":[73,55],"tags":[],"class_list":["post-66847","post","type-post","status-publish","format-standard","has-post-thumbnail","hentry","category-actualite","category-tunisie"],"_links":{"self":[{"href":"https:\/\/linitiative.ca\/International\/wp-json\/wp\/v2\/posts\/66847","targetHints":{"allow":["GET"]}}],"collection":[{"href":"https:\/\/linitiative.ca\/International\/wp-json\/wp\/v2\/posts"}],"about":[{"href":"https:\/\/linitiative.ca\/International\/wp-json\/wp\/v2\/types\/post"}],"author":[{"embeddable":true,"href":"https:\/\/linitiative.ca\/International\/wp-json\/wp\/v2\/users\/1789"}],"replies":[{"embeddable":true,"href":"https:\/\/linitiative.ca\/International\/wp-json\/wp\/v2\/comments?post=66847"}],"version-history":[{"count":0,"href":"https:\/\/linitiative.ca\/International\/wp-json\/wp\/v2\/posts\/66847\/revisions"}],"wp:featuredmedia":[{"embeddable":true,"href":"https:\/\/linitiative.ca\/International\/wp-json\/"}],"wp:attachment":[{"href":"https:\/\/linitiative.ca\/International\/wp-json\/wp\/v2\/media?parent=66847"}],"wp:term":[{"taxonomy":"category","embeddable":true,"href":"https:\/\/linitiative.ca\/International\/wp-json\/wp\/v2\/categories?post=66847"},{"taxonomy":"post_tag","embeddable":true,"href":"https:\/\/linitiative.ca\/International\/wp-json\/wp\/v2\/tags?post=66847"}],"curies":[{"name":"wp","href":"https:\/\/api.w.org\/{rel}","templated":true}]}}