{"id":66849,"date":"2019-11-07T16:22:03","date_gmt":"2019-11-07T21:22:03","guid":{"rendered":"https:\/\/linitiative.ca\/International\/tunisie-video-chahed-recu-par-kais-saied-a-son-retour-dalger\/"},"modified":"2019-11-07T16:22:03","modified_gmt":"2019-11-07T21:22:03","slug":"tunisie-video-chahed-recu-par-kais-saied-a-son-retour-dalger","status":"publish","type":"post","link":"https:\/\/linitiative.ca\/International\/tunisie-video-chahed-recu-par-kais-saied-a-son-retour-dalger\/","title":{"rendered":"Tunisie \u2013 VIDEO\u00a0: Chahed re\u00e7u par Ka\u00efs Sa\u00efed \u00e0 son retour d\u2019Alger"},"content":{"rendered":"<div class=\"post-cont-in left relative\">\n<div class=\"swp_social_panel swp_horizontal_panel swp_flat_fresh swp_default_full_color swp_individual_full_color swp_other_full_color scale-100 scale-\" data-min-width=\"1100\" data-float-color=\"#ffffff\" data-float=\"none\" data-float-mobile=\"none\" data-transition=\"slide\">\n<div class=\"nc_tweetContainer swp_share_button total_shares total_sharesalt\"><span class=\"swp_count\">0 <span class=\"swp_label\">Partages<\/span><\/span><\/div>\n<\/div>\n<p>Le chef du gouvernement qui avait \u00e9t\u00e9 charg\u00e9 par le pr\u00e9sident de la R\u00e9publique d\u2019une mission en Alg\u00e9rie, o\u00f9 il s\u2019est entretenu avec le premier ministre et le pr\u00e9sident alg\u00e9rien, a \u00e9t\u00e9 re\u00e7u, d\u00e8s son retour, ce jeudi soir, au palais de Carthage, par Ka\u00efs Sa\u00efed.<\/p>\n<div class=\"code-block code-block-1 c3\"><ins class=\"adsbygoogle c2\" data-ad-layout=\"in-article\" data-ad-format=\"fluid\" data-ad-client=\"ca-pub-2102118777505746\" data-ad-slot=\"7301775417\"\/> <\/div>\n<p>Chahed a annonc\u00e9, \u00e0 l\u2019issue de l\u2019entretien qu\u2019il a inform\u00e9 le pr\u00e9sident des r\u00e9sultats de ses rencontres officielles avec les premiers responsables \u00e0 Alger. Comme il lui a fait parvenir les salutations fraternelles des premiers responsables alg\u00e9riens, qui ont fait part de leur engagement \u00e0 renforcer la coop\u00e9ration entre les deux pays fr\u00e8res et d\u2019assurer un partenariat strat\u00e9gique entre les deux pays.<br \/><iframe loading=\"lazy\" class=\"c4\" src=\"https:\/\/www.facebook.com\/plugins\/video.php?href=https%3A%2F%2Fwww.facebook.com%2FPresidence.tn%2Fvideos%2F438523077043462%2F&#038;show_text=0&#038;width=560\" width=\"560\" height=\"315\" frameborder=\"0\" scrolling=\"no\" allowfullscreen=\"allowfullscreen\">[embedded content]<\/iframe><\/p>\n<div class=\"code-block code-block-2 c3\"><ins class=\"adsbygoogle c2\" data-ad-layout=\"in-article\" data-ad-format=\"fluid\" data-ad-client=\"ca-pub-2102118777505746\" data-ad-slot=\"7301775417\"\/> <\/div>\n<p><strong>Que se passe-t-il en Tunisie?<\/strong><br \/>Nous expliquons sur notre <a href=\"https:\/\/www.youtube.com\/channel\/UCRzypVq0B_yBad5eGrwBx0Q?sub_confirmation=1\" target=\"_blank\" rel=\"noopener noreferrer\">cha\u00eene YouTube<\/a> . <a href=\"https:\/\/www.youtube.com\/channel\/UCRzypVq0B_yBad5eGrwBx0Q?sub_confirmation=1\" target=\"_blank\" rel=\"noopener noreferrer\">Abonnez-vous!<\/a><\/p>\n<div class=\"mvp-org-wrap mvp-org-logo\" itemprop=\"publisher\" itemscope=\"\" itemtype=\"https:\/\/schema.org\/Organization\"><img decoding=\"async\" src=\"https:\/\/www.tunisienumerique.com\/wp-content\/uploads\/2017\/02\/logo_tunisie_numerique.png\"\/><\/div>\n<div class=\"swp_social_panel swp_horizontal_panel swp_flat_fresh swp_default_full_color swp_individual_full_color swp_other_full_color scale-100 scale-\" data-min-width=\"1100\" data-float-color=\"#ffffff\" data-float=\"none\" data-float-mobile=\"none\" data-transition=\"slide\">\n<div class=\"nc_tweetContainer swp_share_button total_shares total_sharesalt\"><span class=\"swp_count\">0 <span class=\"swp_label\">Partages<\/span><\/span><\/div>\n<\/div>\n<div class=\"mvp-related-posts left relative\">\n<h4 class=\"post-header\"><span class=\"post-header\">Lire aussi<\/span><\/h4>\n<\/div>\n<\/div>\n<p>Auteur: LM<br \/>\n<a href=\"https:\/\/www.tunisienumerique.com\/tunisie-video-chahed-recu-par-kais-saied-a-son-retour-dalger\/\">Cliquez ici pour lire l&rsquo;article depuis sa source.<\/a><\/p>\n","protected":false},"excerpt":{"rendered":"<p>0 Partages Le chef du gouvernement qui avait \u00e9t\u00e9 charg\u00e9 par le pr\u00e9sident de la R\u00e9publique d\u2019une mission en Alg\u00e9rie, o\u00f9 il s\u2019est entretenu avec le premier ministre et le pr\u00e9sident alg\u00e9rien, a \u00e9t\u00e9 re\u00e7u, d\u00e8s son retour, ce jeudi soir, au palais de Carthage, par Ka\u00efs Sa\u00efed. Chahed a annonc\u00e9, \u00e0 l\u2019issue de l\u2019entretien [&hellip;]<\/p>\n","protected":false},"author":1789,"featured_media":66850,"comment_status":"closed","ping_status":"closed","sticky":false,"template":"","format":"standard","meta":{"fifu_image_url":"","fifu_image_alt":"","footnotes":""},"categories":[73,55],"tags":[],"class_list":["post-66849","post","type-post","status-publish","format-standard","has-post-thumbnail","hentry","category-actualite","category-tunisie"],"_links":{"self":[{"href":"https:\/\/linitiative.ca\/International\/wp-json\/wp\/v2\/posts\/66849","targetHints":{"allow":["GET"]}}],"collection":[{"href":"https:\/\/linitiative.ca\/International\/wp-json\/wp\/v2\/posts"}],"about":[{"href":"https:\/\/linitiative.ca\/International\/wp-json\/wp\/v2\/types\/post"}],"author":[{"embeddable":true,"href":"https:\/\/linitiative.ca\/International\/wp-json\/wp\/v2\/users\/1789"}],"replies":[{"embeddable":true,"href":"https:\/\/linitiative.ca\/International\/wp-json\/wp\/v2\/comments?post=66849"}],"version-history":[{"count":0,"href":"https:\/\/linitiative.ca\/International\/wp-json\/wp\/v2\/posts\/66849\/revisions"}],"wp:featuredmedia":[{"embeddable":true,"href":"https:\/\/linitiative.ca\/International\/wp-json\/"}],"wp:attachment":[{"href":"https:\/\/linitiative.ca\/International\/wp-json\/wp\/v2\/media?parent=66849"}],"wp:term":[{"taxonomy":"category","embeddable":true,"href":"https:\/\/linitiative.ca\/International\/wp-json\/wp\/v2\/categories?post=66849"},{"taxonomy":"post_tag","embeddable":true,"href":"https:\/\/linitiative.ca\/International\/wp-json\/wp\/v2\/tags?post=66849"}],"curies":[{"name":"wp","href":"https:\/\/api.w.org\/{rel}","templated":true}]}}