{"id":66851,"date":"2019-11-07T17:22:59","date_gmt":"2019-11-07T22:22:59","guid":{"rendered":"https:\/\/linitiative.ca\/International\/attaque-du-convoi-de-semafo-le-ministre-cheriff-sy-au-chevet-des-blesses\/"},"modified":"2019-11-07T17:22:59","modified_gmt":"2019-11-07T22:22:59","slug":"attaque-du-convoi-de-semafo-le-ministre-cheriff-sy-au-chevet-des-blesses","status":"publish","type":"post","link":"https:\/\/linitiative.ca\/International\/attaque-du-convoi-de-semafo-le-ministre-cheriff-sy-au-chevet-des-blesses\/","title":{"rendered":"Attaque du convoi de SEMAFO : Le ministre Ch\u00e9riff Sy au chevet des bless\u00e9s"},"content":{"rendered":"<div class=\"td-post-featured-image\" readability=\"35\"><a href=\"https:\/\/i1.wp.com\/www.sidwaya.info\/wp-content\/uploads\/2019\/11\/sy.gif?fit=780%2C472&#038;ssl=1\" data-caption=\"Selon le ministre en charge de la d\u00e9fense nationale, Moumina Ch\u00e9riff Sy, des d\u00e9cisions fortes et imm\u00e9diates seront prises.\"><img loading=\"lazy\" decoding=\"async\" width=\"696\" height=\"421\" class=\"entry-thumb td-modal-image\" src=\"https:\/\/i1.wp.com\/www.sidwaya.info\/wp-content\/uploads\/2019\/11\/sy.gif?resize=696%2C421&#038;ssl=1\" alt=\"\" title=\"sy\"\/><\/a>Selon le ministre en charge de la d\u00e9fense nationale, Moumina Ch\u00e9riff Sy, des d\u00e9cisions fortes et imm\u00e9diates seront prises.<\/div>\n<div class=\"td-a-rec td-a-rec-id-content_top td_uid_30_5dc49e42406c9_rand td_block_template_1\"><img loading=\"lazy\" decoding=\"async\" class=\"aligncenter size-full wp-image-15640\" src=\"https:\/\/www.sidwaya.info\/wp-content\/uploads\/2019\/10\/pf-pub-1.jpeg\" alt=\"\" width=\"1080\" height=\"360\"\/><\/div>\n<p><strong>Le ministre de la D\u00e9fense nationale et des Anciens combattants, Moumina Ch\u00e9riff Sy, s\u2019est rendu, le jeudi 7 novembre 2019, \u00e0 Fada N\u2019Gourma, pour manifester la compassion et la solidarit\u00e9 du gouvernement aux victimes de l\u2019attaque combin\u00e9e contre le convoi de SEMAFO SA.<\/strong><\/p>\n<p>Au lendemain de la trag\u00e9die qui a endeuill\u00e9 de nombreuses familles dans la r\u00e9gion de l\u2019Est, le ministre de la D\u00e9fense nationale et des Anciens combattants, Moumina Ch\u00e9riff Sy, a fait le d\u00e9placement de Fada N\u2019Gourma, le jeudi 7 novembre 2019, pour prendre le pouls de la situation. Parti du 34e R\u00e9giment interarmes (RIA) de Fada N\u2019Gourma, le cort\u00e8ge du ministre a mis le cap sur l\u2019auberge du 11-D\u00e9cembre, o\u00f9 les bless\u00e9s l\u00e9gers et les personnes qui s\u2019en sont sorties indemnes, avaient \u00e9t\u00e9 accueillis.<\/p>\n<p>Ces derniers avaient d\u00e9j\u00e0 pris place \u00e0 bord d\u2019autocars et attendaient impatiemment d\u2019\u00eatre convoy\u00e9s \u00e0 Ouagadougou. Le ministre Ch\u00e9riff Sy, accompagn\u00e9 d\u2019autorit\u00e9s administratives, militaires et paramilitaires, s\u2019est alors introduit dans ces v\u00e9hicules pour manifester sa solidarit\u00e9 aux bless\u00e9s et remonter le moral des rescap\u00e9s. De retour au 34e R\u00e9giment interarmes (RIA) de Fada N\u2019Gourma, le premier responsable du d\u00e9partement en charge de la d\u00e9fense nationale a fait le m\u00eame geste \u00e0 l\u2019endroit des bless\u00e9s graves, sur le point d\u2019\u00eatre h\u00e9liport\u00e9s.<\/p>\n<p>\u00abNous sommes venus au nom du pr\u00e9sident du Faso pour exprimer notre compassion aux bless\u00e9s et leur souhaiter prompt r\u00e9tablissement\u00bb, a-t-il dit, avant de pr\u00e9senter ses condol\u00e9ances aux familles des victimes. Pour ce qui est du bilan humain du drame, Moumina Ch\u00e9riff Sy a affirm\u00e9 que les chiffres n\u2019ont pas beaucoup \u00e9volu\u00e9. Selon lui, l\u2019on d\u00e9nombre 38 morts et 63 bless\u00e9s, dont certains dans des \u00e9tats critiques. Il a assur\u00e9 qu\u2019une op\u00e9ration de ratissage est en cours pour traquer l\u2019ennemi et rechercher les \u00e9l\u00e9ments port\u00e9s disparus.<\/p>\n<h3>Se donner la main pour vaincre l\u2019hydre terroriste<\/h3>\n<p><img loading=\"lazy\" decoding=\"async\" class=\"size-medium wp-image-16082\" src=\"https:\/\/i0.wp.com\/www.sidwaya.info\/wp-content\/uploads\/2019\/11\/sy2.gif?resize=300%2C199&#038;ssl=1\" alt=\"\" width=\"300\" height=\"199\" srcset=\"https:\/\/i0.wp.com\/www.sidwaya.info\/wp-content\/uploads\/2019\/11\/sy2.gif?resize=300%2C199&#038;ssl=1 300w, https:\/\/i0.wp.com\/www.sidwaya.info\/wp-content\/uploads\/2019\/11\/sy2.gif?resize=768%2C509&#038;ssl=1 768w, https:\/\/i0.wp.com\/www.sidwaya.info\/wp-content\/uploads\/2019\/11\/sy2.gif?resize=696%2C461&#038;ssl=1 696w, https:\/\/i0.wp.com\/www.sidwaya.info\/wp-content\/uploads\/2019\/11\/sy2.gif?resize=634%2C420&#038;ssl=1 634w\" sizes=\"auto, (max-width: 300px) 100vw, 300px\" data-recalc-dims=\"1\"\/>Le gouverneur de la r\u00e9gion de l\u2019Est, le colonel Sa\u00efdou Toussaint Prosper Sanou, a indiqu\u00e9 qu\u2019une cellule de crise a \u00e9t\u00e9 mise<br \/>en place pour planifier les actions urgentes.<\/p>\n<p>A ce sujet, le gouverneur de la r\u00e9gion de l\u2019Est, le colonel Sa\u00efdou Toussaint Prosper Sanou, a indiqu\u00e9 que les personnes qui s\u2019\u00e9taient dispers\u00e9es entrent au compte-goutte dans la ville de Fada N\u2019Gourma. Quoi qu\u2019il en soit, il a rassur\u00e9 qu\u2019une cellule de crise, regroupant les autorit\u00e9s administratives, militaires et paramilitaires, a \u00e9t\u00e9 mise en place, d\u00e8s les premi\u00e8res heures du drame, pour planifier les actions urgentes \u00e0 mener.<br \/>Ainsi, le gouverneur de la r\u00e9gion de l\u2019Est a toutefois rassur\u00e9 que les personnes port\u00e9es disparues seront retrouv\u00e9es.<\/p>\n<p>Au demeurant, le colonel Sanou a confi\u00e9 que les corps des victimes ont \u00e9t\u00e9 achemin\u00e9s \u00e0 Ouagadougou. Quelle r\u00e9action face \u00e0 cette barbarie ? A cette question, le ministre Ch\u00e9riff Sy a r\u00e9pondu : \u00abIl nous faut une r\u00e9action forte et imm\u00e9diate. Nous devons redoubler de combativit\u00e9 et de vigilance afin de ne pas laisser impuni ce genre d\u2019actes barbares et sauvages\u00bb. Et de poursuivre que les Burkinab\u00e8 traversent des moments difficiles, certes, mais il n\u2019est pas question d\u2019abandonner. \u00abLa situation est assez complexe. Mais le Burkina Faso reste debout parce que nous sommes un roseau. On va plier parfois, mais on ne va jamais rompre\u00bb, a-t-il affirm\u00e9.<\/p>\n<p>Pour vaincre l\u2019ennemi, le ministre Sy a appel\u00e9 les Burkinab\u00e8 \u00e0 se d\u00e9partir de leurs \u00e9gos et de leurs sensibilit\u00e9s politiques. \u00abNous n\u2019avons pas deux pays, il est donc utile que nous travaillions ensemble pour bouter cette vermine de notre pays\u00bb, a-t-il lanc\u00e9.<br \/>En rappel, un convoi de la soci\u00e9t\u00e9 mini\u00e8re SEMAFO SA est tomb\u00e9e dans une embuscade, tendue par des individus arm\u00e9s inconnus, dans la matin\u00e9e du mercredi 6 novembre 2019, sur l\u2019axe Ougarou-Boungou, \u00e0 cheval entre les provinces du Gourma et de la Tapoa, dans la r\u00e9gion de l\u2019Est.<\/p>\n<p class=\"c1\"><strong>Sidgomd\u00e9<\/strong><\/p>\n<div class=\"td-a-rec td-a-rec-id-content_bottom td_uid_31_5dc49e42408df_rand td_block_template_1\"><img loading=\"lazy\" decoding=\"async\" class=\"aligncenter size-full wp-image-9623\" src=\"https:\/\/www.sidwaya.info\/wp-content\/uploads\/2019\/06\/Projet-bannie%CC%80re-Orange-mobile.jpg\" alt=\"\" width=\"728\" height=\"81\"\/><\/div>\n<p>Auteur: JK. Sidwaya<br \/>\n<a href=\"https:\/\/www.sidwaya.info\/blog\/2019\/11\/07\/attaque-du-convoi-de-semafo-le-ministre-cheriff-sy-au-chevet-des-blesses\/\">Cliquez ici pour lire l&rsquo;article depuis sa source.<\/a><\/p>\n","protected":false},"excerpt":{"rendered":"<p>Selon le ministre en charge de la d\u00e9fense nationale, Moumina Ch\u00e9riff Sy, des d\u00e9cisions fortes et imm\u00e9diates seront prises. Le ministre de la D\u00e9fense nationale et des Anciens combattants, Moumina Ch\u00e9riff Sy, s\u2019est rendu, le jeudi 7 novembre 2019, \u00e0 Fada N\u2019Gourma, pour manifester la compassion et la solidarit\u00e9 du gouvernement aux victimes de l\u2019attaque [&hellip;]<\/p>\n","protected":false},"author":1816,"featured_media":0,"comment_status":"closed","ping_status":"closed","sticky":false,"template":"","format":"standard","meta":{"fifu_image_url":"","fifu_image_alt":"","footnotes":""},"categories":[73,81],"tags":[],"class_list":["post-66851","post","type-post","status-publish","format-standard","hentry","category-actualite","category-burkina-faso"],"_links":{"self":[{"href":"https:\/\/linitiative.ca\/International\/wp-json\/wp\/v2\/posts\/66851","targetHints":{"allow":["GET"]}}],"collection":[{"href":"https:\/\/linitiative.ca\/International\/wp-json\/wp\/v2\/posts"}],"about":[{"href":"https:\/\/linitiative.ca\/International\/wp-json\/wp\/v2\/types\/post"}],"author":[{"embeddable":true,"href":"https:\/\/linitiative.ca\/International\/wp-json\/wp\/v2\/users\/1816"}],"replies":[{"embeddable":true,"href":"https:\/\/linitiative.ca\/International\/wp-json\/wp\/v2\/comments?post=66851"}],"version-history":[{"count":0,"href":"https:\/\/linitiative.ca\/International\/wp-json\/wp\/v2\/posts\/66851\/revisions"}],"wp:attachment":[{"href":"https:\/\/linitiative.ca\/International\/wp-json\/wp\/v2\/media?parent=66851"}],"wp:term":[{"taxonomy":"category","embeddable":true,"href":"https:\/\/linitiative.ca\/International\/wp-json\/wp\/v2\/categories?post=66851"},{"taxonomy":"post_tag","embeddable":true,"href":"https:\/\/linitiative.ca\/International\/wp-json\/wp\/v2\/tags?post=66851"}],"curies":[{"name":"wp","href":"https:\/\/api.w.org\/{rel}","templated":true}]}}