{"id":66852,"date":"2019-11-07T17:27:05","date_gmt":"2019-11-07T22:27:05","guid":{"rendered":"https:\/\/linitiative.ca\/International\/gestion-des-finances-publiques-locales-les-performances-de-la-commune-de-ouagadougou-au-scanner\/"},"modified":"2019-11-07T17:27:05","modified_gmt":"2019-11-07T22:27:05","slug":"gestion-des-finances-publiques-locales-les-performances-de-la-commune-de-ouagadougou-au-scanner","status":"publish","type":"post","link":"https:\/\/linitiative.ca\/International\/gestion-des-finances-publiques-locales-les-performances-de-la-commune-de-ouagadougou-au-scanner\/","title":{"rendered":"Gestion des finances publiques locales : Les performances de la commune de Ouagadougou au scanner"},"content":{"rendered":"<div class=\"td-post-featured-image\" readability=\"34\"><a href=\"https:\/\/i1.wp.com\/www.sidwaya.info\/wp-content\/uploads\/2019\/11\/marii.gif?fit=700%2C514&#038;ssl=1\" data-caption=\"Le DG de l\u2019AFD, Tanguy Denieul : \u00abL\u2019AFD va bient\u00f4t octroyer des \u00e9quipements pour les am\u00e9nagements des quartiers de Tampouy et de Dassasgo\u00bb.\"><img loading=\"lazy\" decoding=\"async\" width=\"696\" height=\"511\" class=\"entry-thumb td-modal-image\" src=\"https:\/\/i1.wp.com\/www.sidwaya.info\/wp-content\/uploads\/2019\/11\/marii.gif?resize=696%2C511&#038;ssl=1\" alt=\"\" title=\"marii\"\/><\/a>Le DG de l\u2019AFD, Tanguy Denieul : \u00abL\u2019AFD va bient\u00f4t octroyer des \u00e9quipements pour les am\u00e9nagements des quartiers de Tampouy et de Dassasgo\u00bb.<\/div>\n<div class=\"td-a-rec td-a-rec-id-content_top td_uid_30_5dc49e45d1d73_rand td_block_template_1\"><img loading=\"lazy\" decoding=\"async\" class=\"aligncenter size-full wp-image-15640\" src=\"https:\/\/www.sidwaya.info\/wp-content\/uploads\/2019\/10\/pf-pub-1.jpeg\" alt=\"\" width=\"1080\" height=\"360\"\/><\/div>\n<p><strong>La commune de Ouagadougou a organis\u00e9, le lundi 4 novembre 2019, un atelier de lancement de la deuxi\u00e8me \u00e9valuation de la performance de sa gestion par la m\u00e9thodologie D\u00e9pense publique et responsabilit\u00e9 financi\u00e8re.<\/strong><\/p>\n<p>Apr\u00e8s Dakar, la commune de Ouagadougou est la seconde municipalit\u00e9 en Afrique subsaharienne \u00e0 se lancer dans un exercice d\u2019\u00e9valuation de la performance de ses finances publiques en s\u2019appuyant sur la m\u00e9thode PEFA (D\u00e9pense publique et responsabilit\u00e9 financi\u00e8re). Le lancement officiel de cet exercice par la mairie de Ouagadougou s\u2019est effectu\u00e9 \u00e0 travers un atelier sur la gestion des finances publiques locales, tenu le lundi 4 novembre 2019. Selon le premier adjoint au maire de la capitale burkinab\u00e8, Moussa Belem, l\u2019objectif de cet atelier est d\u2019expliquer aux acteurs intervenant dans cette \u00e9valuation de maitriser le concept PEFA et sa m\u00e9thodologie.<\/p>\n<p>\u00abCette deuxi\u00e8me \u00e9tude PEFA devra permettre \u00e0 la ville de Ouagadougou de cr\u00e9dibiliser ses efforts de gestion des finances publiques men\u00e9s depuis plusieurs ann\u00e9es\u00bb, a-t-il soulign\u00e9. Le Directeur g\u00e9n\u00e9ral (DG) de l\u2019Agence fran\u00e7aise de d\u00e9veloppement (AFD), Tanguy Denieul, a indiqu\u00e9 que c\u2019est une action compl\u00e9mentaire \u00e0 des pr\u00eats directs octroy\u00e9s aux municipalit\u00e9s pour financer les infrastructures et \u00e9quipements publics. Pour lui, l\u2019AFD a apport\u00e9 un soutien financier \u00e0 la commune pour la construction du march\u00e9 Rood-Woko et des appuis relatifs au Programme d\u2019appui \u00e0 la mobilit\u00e9 (PAMO).<\/p>\n<p>Cet atelier va permettre d\u2019am\u00e9liorer la trajectoire financi\u00e8re de la collectivit\u00e9 et de d\u00e9gager des marges de man\u0153uvre budg\u00e9taires pour relancer d\u2019autres activit\u00e9s g\u00e9n\u00e9ratrices de revenus.<\/p>\n<p>Pour la directrice g\u00e9n\u00e9rale des ressources, Sylvie Ouoba, cette deuxi\u00e8me \u00e9valuation de PEFA est une m\u00e9thodologie de mesure des performances de la gestion des finances de la commune. \u00abLa commune avait d\u00e9j\u00e0 \u00e9t\u00e9 l\u2019objet de cette \u00e9valuation en 2010 et pr\u00e9sente des limites en ce qui concerne sa gestion financi\u00e8re. Pour cela, un plan d\u2019actions a \u00e9t\u00e9 \u00e9labor\u00e9 pour mieux g\u00e9rer les ressources\u00bb, a-t-elle expliqu\u00e9. Pour r\u00e9pondre aux attentes de la population, a-t-elle ajout\u00e9, la commune veut mettre en place, \u00e0 partir du plan d\u2019action PEFA, le projet de modernisation de l\u2019administration en mati\u00e8re de collecte des recettes dans les mois \u00e0 venir.<\/p>\n<p class=\"c1\"><strong>Oumarou RABO<\/strong><br \/>(Stagiaire)<\/p>\n<div class=\"td-a-rec td-a-rec-id-content_bottom td_uid_31_5dc49e45d1f86_rand td_block_template_1\"><img loading=\"lazy\" decoding=\"async\" class=\"aligncenter size-full wp-image-9623\" src=\"https:\/\/www.sidwaya.info\/wp-content\/uploads\/2019\/06\/Projet-bannie%CC%80re-Orange-mobile.jpg\" alt=\"\" width=\"728\" height=\"81\"\/><\/div>\n<p>Auteur: JK. Sidwaya<br \/>\n<a href=\"https:\/\/www.sidwaya.info\/blog\/2019\/11\/07\/gestion-des-finances-publiques-locales-les-performances-de-la-commune-de-ouagadougou-au-scanner\/\">Cliquez ici pour lire l&rsquo;article depuis sa source.<\/a><\/p>\n","protected":false},"excerpt":{"rendered":"<p>Le DG de l\u2019AFD, Tanguy Denieul : \u00abL\u2019AFD va bient\u00f4t octroyer des \u00e9quipements pour les am\u00e9nagements des quartiers de Tampouy et de Dassasgo\u00bb. La commune de Ouagadougou a organis\u00e9, le lundi 4 novembre 2019, un atelier de lancement de la deuxi\u00e8me \u00e9valuation de la performance de sa gestion par la m\u00e9thodologie D\u00e9pense publique et responsabilit\u00e9 [&hellip;]<\/p>\n","protected":false},"author":1816,"featured_media":0,"comment_status":"closed","ping_status":"closed","sticky":false,"template":"","format":"standard","meta":{"fifu_image_url":"","fifu_image_alt":"","footnotes":""},"categories":[73,81],"tags":[],"class_list":["post-66852","post","type-post","status-publish","format-standard","hentry","category-actualite","category-burkina-faso"],"_links":{"self":[{"href":"https:\/\/linitiative.ca\/International\/wp-json\/wp\/v2\/posts\/66852","targetHints":{"allow":["GET"]}}],"collection":[{"href":"https:\/\/linitiative.ca\/International\/wp-json\/wp\/v2\/posts"}],"about":[{"href":"https:\/\/linitiative.ca\/International\/wp-json\/wp\/v2\/types\/post"}],"author":[{"embeddable":true,"href":"https:\/\/linitiative.ca\/International\/wp-json\/wp\/v2\/users\/1816"}],"replies":[{"embeddable":true,"href":"https:\/\/linitiative.ca\/International\/wp-json\/wp\/v2\/comments?post=66852"}],"version-history":[{"count":0,"href":"https:\/\/linitiative.ca\/International\/wp-json\/wp\/v2\/posts\/66852\/revisions"}],"wp:attachment":[{"href":"https:\/\/linitiative.ca\/International\/wp-json\/wp\/v2\/media?parent=66852"}],"wp:term":[{"taxonomy":"category","embeddable":true,"href":"https:\/\/linitiative.ca\/International\/wp-json\/wp\/v2\/categories?post=66852"},{"taxonomy":"post_tag","embeddable":true,"href":"https:\/\/linitiative.ca\/International\/wp-json\/wp\/v2\/tags?post=66852"}],"curies":[{"name":"wp","href":"https:\/\/api.w.org\/{rel}","templated":true}]}}