{"id":66853,"date":"2019-11-07T17:34:09","date_gmt":"2019-11-07T22:34:09","guid":{"rendered":"https:\/\/linitiative.ca\/International\/projet-dappui-a-la-participation-citoyenne-a-la-decentralisation-et-au-developpement-local-les-volontaires-des-nations-unies-situes-sur-leur-role\/"},"modified":"2019-11-07T17:34:09","modified_gmt":"2019-11-07T22:34:09","slug":"projet-dappui-a-la-participation-citoyenne-a-la-decentralisation-et-au-developpement-local-les-volontaires-des-nations-unies-situes-sur-leur-role","status":"publish","type":"post","link":"https:\/\/linitiative.ca\/International\/projet-dappui-a-la-participation-citoyenne-a-la-decentralisation-et-au-developpement-local-les-volontaires-des-nations-unies-situes-sur-leur-role\/","title":{"rendered":"Projet d\u2019appui \u00e0 la participation citoyenne, \u00e0 la d\u00e9centralisation  et au d\u00e9veloppement local : Les volontaires des Nations unies situ\u00e9s  sur leur r\u00f4le"},"content":{"rendered":"<div class=\"td-post-featured-image\" readability=\"34\"><a href=\"https:\/\/i0.wp.com\/www.sidwaya.info\/wp-content\/uploads\/2019\/11\/region.gif?fit=780%2C585&#038;ssl=1\" data-caption=\"Cette formation selon la repr\u00e9sentante-r\u00e9sidente adjointe du PNUD au Burkina Faso vise \u00e0 donner les rudiments n\u00e9cessaires aux volontaires communautaires des Nations unies pour mieux mettre en \u0153uvre les activit\u00e9s du PAPCiDDeL dans les communes b\u00e9n\u00e9ficiaires.\"><img loading=\"lazy\" decoding=\"async\" width=\"696\" height=\"522\" class=\"entry-thumb td-modal-image\" src=\"https:\/\/i0.wp.com\/www.sidwaya.info\/wp-content\/uploads\/2019\/11\/region.gif?resize=696%2C522&#038;ssl=1\" alt=\"\" title=\"region\"\/><\/a>Cette formation selon la repr\u00e9sentante-r\u00e9sidente adjointe du PNUD au Burkina Faso vise \u00e0 donner les rudiments n\u00e9cessaires aux volontaires communautaires des Nations unies pour mieux mettre en \u0153uvre les activit\u00e9s du PAPCiDDeL dans les communes b\u00e9n\u00e9ficiaires.<\/div>\n<div class=\"td-a-rec td-a-rec-id-content_top td_uid_30_5dc49e4946072_rand td_block_template_1\"><img loading=\"lazy\" decoding=\"async\" class=\"aligncenter size-full wp-image-15640\" src=\"https:\/\/www.sidwaya.info\/wp-content\/uploads\/2019\/10\/pf-pub-1.jpeg\" alt=\"\" width=\"1080\" height=\"360\"\/><\/div>\n<p><strong>Le Projet d\u2019appui \u00e0 la participation citoyenne, \u00e0 la d\u00e9centralisation et au d\u00e9veloppement local (PAPCiDDeL) a organis\u00e9, les 28 et 29 octobre 2019 \u00e0 D\u00e9dougou, un atelier d\u2019immersion au profit de vingt (20) volontaires communautaires des Nations unies (VNUC). C\u2019\u00e9tait en pr\u00e9sence de la repr\u00e9sentante-r\u00e9sidente du programme des Nations unies pour le d\u00e9veloppement (PNUD), Isabelle Tschan.<\/strong><\/p>\n<p>Au cours de l\u2019atelier de mise en \u0153uvre du Projet d\u2019appui \u00e0 la participation citoyenne, \u00e0 la d\u00e9centralisation et au d\u00e9veloppement local (PAPCiDDeL) tenu du 10 au 12 juillet 2019, les partenaires et les vingt (20) communes b\u00e9n\u00e9ficiaires de la Boucle du Mouhoun avaient retenu le \u00ab renforcement des capacit\u00e9s et l\u2019apport de l\u2019expertise \u00bb comme \u00e9tant l\u2019un des volets de l\u2019ex\u00e9cution du projet. Quatre mois apr\u00e8s, les choses se sont pr\u00e9cis\u00e9es avec l\u2019atelier d\u2019immersion des vingt (20) volontaires communautaires des Nations unies (VNUC), les 28 et 29 octobre 2019 \u00e0 D\u00e9dougou.<\/p>\n<p>\u00abNous sommes venus dans le cadre du PAPCiDDeL, notamment pour la formation des volontaires appel\u00e9s \u00e0 travailler dans les collectivit\u00e9s locales\u00bb, a expliqu\u00e9 d\u2019entr\u00e9e de jeu la repr\u00e9sentante- r\u00e9sidente adjointe du programme des Nations unies pour le d\u00e9veloppement (PNUD) au Burkina Faso, Isabelle Tschan. Une formation qui, \u00e0 terme, a poursuivi Isabelle Tschan, doit bien \u00e9quiper les volontaires de toutes les connaissances pour la mise en \u0153uvre de ce projet de participation citoyenne.<\/p>\n<p>Pendant ces quarante-huit (48) heures, les volontaires venus des communes b\u00e9n\u00e9ficiaires, selon le coordonnateur du PAPCiDDeL, Moussa Ou\u00e9draogo, ont \u00e9t\u00e9 outill\u00e9s sur les questions de la d\u00e9centralisation, la planification locale, la promotion de la bonne gouvernance, le d\u00e9veloppement \u00e9conomique local, la participation citoyenne, et sur leur r\u00f4le dans le suivi de la mise en \u0153uvre des activit\u00e9s des communes d\u2019intervention du PAPCiDDeL. \u00abOn attendait avec impatience cet atelier d\u2019immersion en ce sens que nous avons re\u00e7u les outils n\u00e9cessaires nous permettant de remplir notre mission de volontaires dans nos communes d\u2019intervention.<\/p>\n<p>Nous avons \u00e9t\u00e9 d\u2019abord brief\u00e9s sur le volontariat du syst\u00e8me des Nations unies, et sur ce que notre employeur attend de nous sur le terrain au b\u00e9n\u00e9fice des communes. En somme, c\u2019est une formation qui tombe \u00e0 pic\u00bb, s\u2019est r\u00e9joui Natalie Damo\u00e9, volontaire des Nations unies au compte de la commune rurale de Oury dans la province des Bal\u00e9.<\/p>\n<h3>Les collectivit\u00e9s territoriales dans la r\u00e9duction de la pauvret\u00e9<\/h3>\n<p><img loading=\"lazy\" decoding=\"async\" class=\"size-medium wp-image-16089\" src=\"https:\/\/i0.wp.com\/www.sidwaya.info\/wp-content\/uploads\/2019\/11\/region1.gif?resize=300%2C187&#038;ssl=1\" alt=\"\" width=\"300\" height=\"187\" srcset=\"https:\/\/i0.wp.com\/www.sidwaya.info\/wp-content\/uploads\/2019\/11\/region1.gif?resize=300%2C187&#038;ssl=1 300w, https:\/\/i0.wp.com\/www.sidwaya.info\/wp-content\/uploads\/2019\/11\/region1.gif?resize=768%2C478&#038;ssl=1 768w, https:\/\/i0.wp.com\/www.sidwaya.info\/wp-content\/uploads\/2019\/11\/region1.gif?resize=696%2C433&#038;ssl=1 696w, https:\/\/i0.wp.com\/www.sidwaya.info\/wp-content\/uploads\/2019\/11\/region1.gif?resize=675%2C420&#038;ssl=1 675w\" sizes=\"auto, (max-width: 300px) 100vw, 300px\" data-recalc-dims=\"1\"\/>Les vingt volontaires communautaires des Nations unies en photo de famille avec les officiels lors de l\u2019atelier d\u2019immersion \u00e0 D\u00e9dougou.<\/p>\n<p>\u00abC\u2019est vrai qu\u2019on a \u00e9t\u00e9 recrut\u00e9 dans le cadre du PAPCiDDeL mais depuis lors, l\u2019on naviguait \u00e0 vue sans savoir r\u00e9ellement ce qu\u2019il fallait faire. Mais cette formation vient lever ce voile et nous permet d\u00e9sormais de travailler sereinement. De fa\u00e7on pratique chacun sait ce que l\u2019on attend de lui dans sa commune\u00bb, a rench\u00e9ri Abdoulaye Sanon, volontaire \u00e0 la commune rurale de Douroula dans la province du Mouhoun. Avant de rejoindre les participants de l\u2019atelier d\u2019immersion, la repr\u00e9sentante-r\u00e9sidente adjointe du PNUD, a rendu des visites de courtoisie au gouverneur de la Boucle du Mouhoun, Edgard Si\u00e9 Sou et au pr\u00e9sident du conseil r\u00e9gional de la Boucle du Mouhoun, Aboucar Sanon.<\/p>\n<p>Les deux autorit\u00e9s r\u00e9gionales ont montr\u00e9 leur disponibilit\u00e9 \u00e0 accompagner le PAPCiDDeL qui vient donner un coup de main au d\u00e9veloppement local de la r\u00e9gion. \u00abLa visite de la repr\u00e9sentante- r\u00e9sidente du PNUD au Burkina Faso nous r\u00e9jouit. C\u2019est pourquoi nous nous engageons \u00e0 accompagner le PAPCiDDeL dans ces activit\u00e9s d\u2019autant plus que nous avons \u00e9t\u00e9 impliqu\u00e9s depuis le d\u00e9but de ce projet\u00bb, a rassur\u00e9 le pr\u00e9sident du conseil r\u00e9gional de la Boucle du Mouhoun, Aboucar Sanon.<\/p>\n<p>En rappel, d\u2019un co\u00fbt d\u2019un milliard cinq cent millions (1 500 000 000) F CFA financ\u00e9 par l\u2019Etat burkinab\u00e8 en collaboration avec le Grand-Duch\u00e9 de Luxembourg et le Programme des Nations unies pour le d\u00e9veloppement (PNUD) pour une p\u00e9riode de trois ans d\u2019ex\u00e9cution, le PAPCiDDeL vise \u00e0 accompagner les collectivit\u00e9s territoriales cibl\u00e9es \u00e0 am\u00e9liorer leur performance en mati\u00e8re de r\u00e9duction de la pauvret\u00e9 \u00e0 la base, en vue de l\u2019atteinte des effets attendus du Plan national de d\u00e9veloppement \u00e9conomique et social (PNDES) et des orientations des nouveaux r\u00e9f\u00e9rentiels de la d\u00e9centralisation. Dans la r\u00e9gion de la Boucle du Mouhoun, ce sont vingt communes sur les quarante-sept qui ont \u00e9t\u00e9 retenues pour la mise en \u0153uvre de ce projet participatif.<\/p>\n<p class=\"c1\"><strong>Kam\u00e9l\u00e9 FAYAMA<\/strong><\/p>\n<div class=\"td-a-rec td-a-rec-id-content_bottom td_uid_31_5dc49e494627a_rand td_block_template_1\"><img loading=\"lazy\" decoding=\"async\" class=\"aligncenter size-full wp-image-9623\" src=\"https:\/\/www.sidwaya.info\/wp-content\/uploads\/2019\/06\/Projet-bannie%CC%80re-Orange-mobile.jpg\" alt=\"\" width=\"728\" height=\"81\"\/><\/div>\n<p>Auteur: JK. Sidwaya<br \/>\n<a href=\"https:\/\/www.sidwaya.info\/blog\/2019\/11\/07\/projet-dappui-a-la-participation-citoyenne-a-la-decentralisation-et-au-developpement-local-les-volontaires-des-nations-unies-situes-sur-leur-role\/\">Cliquez ici pour lire l&rsquo;article depuis sa source.<\/a><\/p>\n","protected":false},"excerpt":{"rendered":"<p>Cette formation selon la repr\u00e9sentante-r\u00e9sidente adjointe du PNUD au Burkina Faso vise \u00e0 donner les rudiments n\u00e9cessaires aux volontaires communautaires des Nations unies pour mieux mettre en \u0153uvre les activit\u00e9s du PAPCiDDeL dans les communes b\u00e9n\u00e9ficiaires. Le Projet d\u2019appui \u00e0 la participation citoyenne, \u00e0 la d\u00e9centralisation et au d\u00e9veloppement local (PAPCiDDeL) a organis\u00e9, les 28 [&hellip;]<\/p>\n","protected":false},"author":1816,"featured_media":0,"comment_status":"closed","ping_status":"closed","sticky":false,"template":"","format":"standard","meta":{"fifu_image_url":"","fifu_image_alt":"","footnotes":""},"categories":[73,81],"tags":[],"class_list":["post-66853","post","type-post","status-publish","format-standard","hentry","category-actualite","category-burkina-faso"],"_links":{"self":[{"href":"https:\/\/linitiative.ca\/International\/wp-json\/wp\/v2\/posts\/66853","targetHints":{"allow":["GET"]}}],"collection":[{"href":"https:\/\/linitiative.ca\/International\/wp-json\/wp\/v2\/posts"}],"about":[{"href":"https:\/\/linitiative.ca\/International\/wp-json\/wp\/v2\/types\/post"}],"author":[{"embeddable":true,"href":"https:\/\/linitiative.ca\/International\/wp-json\/wp\/v2\/users\/1816"}],"replies":[{"embeddable":true,"href":"https:\/\/linitiative.ca\/International\/wp-json\/wp\/v2\/comments?post=66853"}],"version-history":[{"count":0,"href":"https:\/\/linitiative.ca\/International\/wp-json\/wp\/v2\/posts\/66853\/revisions"}],"wp:attachment":[{"href":"https:\/\/linitiative.ca\/International\/wp-json\/wp\/v2\/media?parent=66853"}],"wp:term":[{"taxonomy":"category","embeddable":true,"href":"https:\/\/linitiative.ca\/International\/wp-json\/wp\/v2\/categories?post=66853"},{"taxonomy":"post_tag","embeddable":true,"href":"https:\/\/linitiative.ca\/International\/wp-json\/wp\/v2\/tags?post=66853"}],"curies":[{"name":"wp","href":"https:\/\/api.w.org\/{rel}","templated":true}]}}