{"id":66854,"date":"2019-11-07T17:39:53","date_gmt":"2019-11-07T22:39:53","guid":{"rendered":"https:\/\/linitiative.ca\/International\/editions-sidwaya-felix-yelkouni-a-ferme-son-objectif\/"},"modified":"2019-11-07T17:39:53","modified_gmt":"2019-11-07T22:39:53","slug":"editions-sidwaya-felix-yelkouni-a-ferme-son-objectif","status":"publish","type":"post","link":"https:\/\/linitiative.ca\/International\/editions-sidwaya-felix-yelkouni-a-ferme-son-objectif\/","title":{"rendered":"Editions Sidwaya : F\u00e9lix Yelkouni a ferm\u00e9 son \u00abobjectif\u00bb"},"content":{"rendered":"<div class=\"td-post-featured-image\" readability=\"34\"><a href=\"https:\/\/i0.wp.com\/www.sidwaya.info\/wp-content\/uploads\/2019\/11\/yelkouni.gif?fit=780%2C647&#038;ssl=1\" data-caption=\"\u00ab Chef-photo \u00bb, F\u00e9lix Yelkouni a \u00e9t\u00e9 accompagn\u00e9 \u00e0 sa derni\u00e8re demeure au cimeti\u00e8re de Kamboinsin.\"><img loading=\"lazy\" decoding=\"async\" width=\"696\" height=\"577\" class=\"entry-thumb td-modal-image\" src=\"https:\/\/i0.wp.com\/www.sidwaya.info\/wp-content\/uploads\/2019\/11\/yelkouni.gif?resize=696%2C577&#038;ssl=1\" alt=\"\" title=\"yelkouni\"\/><\/a>\u00ab Chef-photo \u00bb, F\u00e9lix Yelkouni a \u00e9t\u00e9 accompagn\u00e9 \u00e0 sa derni\u00e8re demeure au cimeti\u00e8re de Kamboinsin.<\/div>\n<div class=\"td-a-rec td-a-rec-id-content_top td_uid_30_5dc49e4cca6b4_rand td_block_template_1\"><img loading=\"lazy\" decoding=\"async\" class=\"aligncenter size-full wp-image-15640\" src=\"https:\/\/www.sidwaya.info\/wp-content\/uploads\/2019\/10\/pf-pub-1.jpeg\" alt=\"\" width=\"1080\" height=\"360\"\/><\/div>\n<p><strong>L\u2019ancien chef de service-photo des Editions Sidwaya, F\u00e9lix Yelkouni, a \u00e9t\u00e9 conduit \u00e0 sa derni\u00e8re demeure, le jeudi 7 novembre 2019 au cimeti\u00e8re de Kamboinsin de Ouagadougou.<\/strong><\/p>\n<p>D\u00e9c\u00e9d\u00e9 le mardi dernier, l\u2019ancien chef de service-photo des Editions Sidwaya, F\u00e9lix Yelkouni, repose d\u00e9sormais au cimeti\u00e8re de Kamboinsin. Une foule d\u2019amis, de parents, d\u2019anciens coll\u00e8gues et de connaissances ont fait le d\u00e9placement pour lui rendre un dernier hommage. L\u2019enseignant d\u2019universit\u00e9 \u00e0 la retraite, Samuel Salou, par ailleurs membre de sa famille, retient du regrett\u00e9, une personne tr\u00e8s accessible et sociable.<\/p>\n<p>C\u2019est tout un village qui pleure aujourd\u2019hui la disparition de ce talentueux photographe, a-t-il laiss\u00e9 entendre. \u00abEtant l\u2019un des doyens de notre village \u00e0 Ouagadougou, il recevait beaucoup de monde chez lui, quand il y avait des \u00e9v\u00e8nements sociaux. Il s\u2019est fait \u00e9galement beaucoup d\u2019amis dans son entourage ainsi que dans son quartier. G\u00e9n\u00e9reux qu\u2019il \u00e9tait, il aidait ses proches et aimait partager\u00bb, a-t-il ajout\u00e9.<\/p>\n<p>Sur le plan professionnel, a-t-il poursuivi, F\u00e9lix a beaucoup excell\u00e9 dans le domaine de la photographie. Car, il \u00e9tait tout le temps recherch\u00e9 lorsqu\u2019il y avait des c\u00e9r\u00e9monies officielles. \u00abJe le connais tr\u00e8s bien. Nous sommes des promotionnaires d\u2019\u00e9cole primaire. Apr\u00e8s le CM2, j\u2019ai \u00e9t\u00e9 admis au s\u00e9minaire Notre-Dame de Koudougou et lui il a regagn\u00e9 la congr\u00e9gation des Fr\u00e8res de Saaba.<\/p>\n<p>Apr\u00e8s, il a eu une vocation pour la communication et s\u2019est lanc\u00e9 dans la photographie\u00bb, a confi\u00e9 M. Salou. Yacouba Zerbo, un de ses anciens coll\u00e8gues de Sidwaya, dit garder de bonnes relations de confraternit\u00e9 avec le d\u00e9funt Yelkouni. \u00ab Pendant sa retraite, je partais lui donner des journaux chez lui.<\/p>\n<p>Souvent, c\u2019est lui-m\u00eame qui envoyait des enfants chez moi pour en r\u00e9cup\u00e9rer \u00bb, a-t-il rapport\u00e9. Pour lui, F\u00e9lix Yelkouni, \u00e9tait l\u2019ami de tout le monde. \u00abIl n\u2019a jamais eu une m\u00e9sentente avec un coll\u00e8gue. F\u00e9lix nous a trop soutenus. Quand il revenait de ses missions, il partageait ce qu\u2019il a gagn\u00e9 avec ses coll\u00e8gues. Il nous a quitt\u00e9s aujourd\u2019hui, c\u2019est la vie. Que Dieu l\u2019accueille dans son royaume\u00bb, prie M. Zerbo.<\/p>\n<p>Le regrett\u00e9 F\u00e9lix Yelkouni est n\u00e9 vers 1947. Il a fait une longue carri\u00e8re de photographe au Carrefour africain, \u00e0 l\u2019Agence d\u2019information du Burkina et enfin aux Editions Sidwaya. Le nom \u00ab chef- photo \u00bb, lui a \u00e9t\u00e9 attribu\u00e9 par ses coll\u00e8gues, car il a longtemps occup\u00e9 ce poste, jusqu\u2019\u00e0 sa retraite en 2001.<\/p>\n<p class=\"c1\"><strong>Adama SEDGO<\/strong><\/p>\n<div class=\"td-a-rec td-a-rec-id-content_bottom td_uid_31_5dc49e4cca8c0_rand td_block_template_1\"><img loading=\"lazy\" decoding=\"async\" class=\"aligncenter size-full wp-image-9623\" src=\"https:\/\/www.sidwaya.info\/wp-content\/uploads\/2019\/06\/Projet-bannie%CC%80re-Orange-mobile.jpg\" alt=\"\" width=\"728\" height=\"81\"\/><\/div>\n<p>Auteur: JK. Sidwaya<br \/>\n<a href=\"https:\/\/www.sidwaya.info\/blog\/2019\/11\/07\/editions-sidwaya-felix-yelkouni-a-ferme-son-objectif\/\">Cliquez ici pour lire l&rsquo;article depuis sa source.<\/a><\/p>\n","protected":false},"excerpt":{"rendered":"<p>\u00ab Chef-photo \u00bb, F\u00e9lix Yelkouni a \u00e9t\u00e9 accompagn\u00e9 \u00e0 sa derni\u00e8re demeure au cimeti\u00e8re de Kamboinsin. L\u2019ancien chef de service-photo des Editions Sidwaya, F\u00e9lix Yelkouni, a \u00e9t\u00e9 conduit \u00e0 sa derni\u00e8re demeure, le jeudi 7 novembre 2019 au cimeti\u00e8re de Kamboinsin de Ouagadougou. D\u00e9c\u00e9d\u00e9 le mardi dernier, l\u2019ancien chef de service-photo des Editions Sidwaya, F\u00e9lix [&hellip;]<\/p>\n","protected":false},"author":1816,"featured_media":0,"comment_status":"closed","ping_status":"closed","sticky":false,"template":"","format":"standard","meta":{"fifu_image_url":"","fifu_image_alt":"","footnotes":""},"categories":[73,81],"tags":[],"class_list":["post-66854","post","type-post","status-publish","format-standard","hentry","category-actualite","category-burkina-faso"],"_links":{"self":[{"href":"https:\/\/linitiative.ca\/International\/wp-json\/wp\/v2\/posts\/66854","targetHints":{"allow":["GET"]}}],"collection":[{"href":"https:\/\/linitiative.ca\/International\/wp-json\/wp\/v2\/posts"}],"about":[{"href":"https:\/\/linitiative.ca\/International\/wp-json\/wp\/v2\/types\/post"}],"author":[{"embeddable":true,"href":"https:\/\/linitiative.ca\/International\/wp-json\/wp\/v2\/users\/1816"}],"replies":[{"embeddable":true,"href":"https:\/\/linitiative.ca\/International\/wp-json\/wp\/v2\/comments?post=66854"}],"version-history":[{"count":0,"href":"https:\/\/linitiative.ca\/International\/wp-json\/wp\/v2\/posts\/66854\/revisions"}],"wp:attachment":[{"href":"https:\/\/linitiative.ca\/International\/wp-json\/wp\/v2\/media?parent=66854"}],"wp:term":[{"taxonomy":"category","embeddable":true,"href":"https:\/\/linitiative.ca\/International\/wp-json\/wp\/v2\/categories?post=66854"},{"taxonomy":"post_tag","embeddable":true,"href":"https:\/\/linitiative.ca\/International\/wp-json\/wp\/v2\/tags?post=66854"}],"curies":[{"name":"wp","href":"https:\/\/api.w.org\/{rel}","templated":true}]}}