{"id":66857,"date":"2019-11-07T16:18:09","date_gmt":"2019-11-07T21:18:09","guid":{"rendered":"https:\/\/linitiative.ca\/International\/des-deputes-ouest-africains-plaident-pour-laugmentation-du-financement-de-la-lutte-contre-le-paludisme\/"},"modified":"2019-11-07T16:18:09","modified_gmt":"2019-11-07T21:18:09","slug":"des-deputes-ouest-africains-plaident-pour-laugmentation-du-financement-de-la-lutte-contre-le-paludisme","status":"publish","type":"post","link":"https:\/\/linitiative.ca\/International\/des-deputes-ouest-africains-plaident-pour-laugmentation-du-financement-de-la-lutte-contre-le-paludisme\/","title":{"rendered":"Des d\u00e9put\u00e9s ouest-africains plaident pour l\u2019augmentation du financement de la lutte contre le paludisme"},"content":{"rendered":"<div readability=\"32\">\n<p>Publi\u00e9 le 07.11.2019 \u00e0 22h18 par APA News<\/p>\n<\/div>\n<div readability=\"56\">\n<p>Des parlementaires et hommes politiques ouest-africains ont plaid\u00e9 au Nigeria pour l\u2019augmentation du financement de la lutte contre le paludisme en Afrique de l\u2019Ouest et du Centre.Selon une note d\u2019information transmise jeudi \u00e0 APA, ce plaidoyer a \u00e9t\u00e9 fait lors d\u2019une conf\u00e9rence de l\u2019Afrique de l\u2019Ouest et du Centre pour la lutte contre le paludisme qui s\u2019est tenue du 22 au 25 octobre dernier \u00e0 Abuja au Nigeria et qui a enregistr\u00e9 la pr\u00e9sence de plusieurs parlementaires dont l\u2019Ivoirien Dr Karim Kouyat\u00e9, le d\u00e9put\u00e9 de Minignan dans le Nord-Ouest ivoirien.<\/p>\n<p>\u00ab Le plaidoyer a \u00e9t\u00e9 entendu car de nombreux politiques, notamment, les parlementaires du Nigeria ont \u00a0donn\u00e9 leur accord pour s\u2019impliquer davantage \u00bb, indique la note, soulignant que les d\u00e9put\u00e9s ouest-africains ont invit\u00e9s \u00e0 s\u2019impliquer pour l\u2019augmentation \u00a0du financement de la lutte contre le paludisme.<\/p>\n<p>\u00a0Cette conf\u00e9rence, organis\u00e9e par Rock Back Malaria (Agence Onusienne contre le paludisme) a r\u00e9uni plusieurs acteurs du domaine de la sant\u00e9 dont des techniciens m\u00e9dicaux de l\u2019Afrique de l\u2019Ouest et l\u2019Afrique Centrale.<\/p>\n<p>L\u2019Organisation mondiale de la sant\u00e9 (OMS) a d\u00e9nombr\u00e9 quelque 219 millions de cas de paludisme dans le monde en 2017 contre 239 millions en 2010. \u00a0En C\u00f4te d\u2019Ivoire, le paludisme constitue 33% des motifs de consultation.<\/p>\n<\/div>\n<p>Auteur: APA News<br \/>\n<a href=\"https:\/\/www.journalducameroun.com\/des-deputes-ouest-africains-plaident-pour-laugmentation-du-financement-de-la-lutte-contre-le-paludisme\/\">Cliquez ici pour lire l&rsquo;article depuis sa source.<\/a><\/p>\n","protected":false},"excerpt":{"rendered":"<p>Publi\u00e9 le 07.11.2019 \u00e0 22h18 par APA News Des parlementaires et hommes politiques ouest-africains ont plaid\u00e9 au Nigeria pour l\u2019augmentation du financement de la lutte contre le paludisme en Afrique de l\u2019Ouest et du Centre.Selon une note d\u2019information transmise jeudi \u00e0 APA, ce plaidoyer a \u00e9t\u00e9 fait lors d\u2019une conf\u00e9rence de l\u2019Afrique de l\u2019Ouest et [&hellip;]<\/p>\n","protected":false},"author":1965,"featured_media":0,"comment_status":"closed","ping_status":"closed","sticky":false,"template":"","format":"standard","meta":{"fifu_image_url":"","fifu_image_alt":"","footnotes":""},"categories":[73,82],"tags":[],"class_list":["post-66857","post","type-post","status-publish","format-standard","hentry","category-actualite","category-cameroun"],"_links":{"self":[{"href":"https:\/\/linitiative.ca\/International\/wp-json\/wp\/v2\/posts\/66857","targetHints":{"allow":["GET"]}}],"collection":[{"href":"https:\/\/linitiative.ca\/International\/wp-json\/wp\/v2\/posts"}],"about":[{"href":"https:\/\/linitiative.ca\/International\/wp-json\/wp\/v2\/types\/post"}],"author":[{"embeddable":true,"href":"https:\/\/linitiative.ca\/International\/wp-json\/wp\/v2\/users\/1965"}],"replies":[{"embeddable":true,"href":"https:\/\/linitiative.ca\/International\/wp-json\/wp\/v2\/comments?post=66857"}],"version-history":[{"count":0,"href":"https:\/\/linitiative.ca\/International\/wp-json\/wp\/v2\/posts\/66857\/revisions"}],"wp:attachment":[{"href":"https:\/\/linitiative.ca\/International\/wp-json\/wp\/v2\/media?parent=66857"}],"wp:term":[{"taxonomy":"category","embeddable":true,"href":"https:\/\/linitiative.ca\/International\/wp-json\/wp\/v2\/categories?post=66857"},{"taxonomy":"post_tag","embeddable":true,"href":"https:\/\/linitiative.ca\/International\/wp-json\/wp\/v2\/tags?post=66857"}],"curies":[{"name":"wp","href":"https:\/\/api.w.org\/{rel}","templated":true}]}}