{"id":66858,"date":"2019-11-07T16:18:11","date_gmt":"2019-11-07T21:18:11","guid":{"rendered":"https:\/\/linitiative.ca\/International\/ble-goude-va-etre-juge-en-proces-devant-un-tribunal-criminel-procureur-general-dabidjan\/"},"modified":"2019-11-07T16:18:11","modified_gmt":"2019-11-07T21:18:11","slug":"ble-goude-va-etre-juge-en-proces-devant-un-tribunal-criminel-procureur-general-dabidjan","status":"publish","type":"post","link":"https:\/\/linitiative.ca\/International\/ble-goude-va-etre-juge-en-proces-devant-un-tribunal-criminel-procureur-general-dabidjan\/","title":{"rendered":"Bl\u00e9 Goud\u00e9 \u00abva \u00eatre jug\u00e9 en proc\u00e8s\u00bb devant un Tribunal criminel (procureur g\u00e9n\u00e9ral d\u2019Abidjan)"},"content":{"rendered":"<div readability=\"32\">\n<p>Publi\u00e9 le 07.11.2019 \u00e0 22h18 par APA News<\/p>\n<\/div>\n<div readability=\"121\">\n<p>Le procureur g\u00e9n\u00e9ral pr\u00e8s la Cour d\u2019appel d\u2019Abidjan, Marie-L\u00e9onard Lebry, a indiqu\u00e9 jeudi que Charles Bl\u00e9 Goud\u00e9 \u00ab va \u00eatre jug\u00e9 en proc\u00e8s \u00bb devant un tribunal criminel dans le cadre de la crise post-\u00e9lectorale ivoirienne de 2010-2011, lors d\u2019une conf\u00e9rence de presse.Une d\u00e9cision a \u00e9t\u00e9 rendue par la Chambre d\u2019instruction et c\u2019est \u00ab une d\u00e9cision de renvoi devant le tribunal criminel pour r\u00e9pondre des faits qui lui sont reproch\u00e9s conform\u00e9ment \u00e0 la loi \u00bb, a d\u00e9clar\u00e9 \u00e0 la presse le procureur g\u00e9n\u00e9ral pr\u00e8s la Cour d\u2019appel d\u2019Abidjan, Marie-L\u00e9onard Lebry, au Parquet g\u00e9n\u00e9ral.<\/p>\n<p>L\u2019affaire Charles Bl\u00e9 Goud\u00e9, pendante devant le juge d\u2019instruction depuis 2012, a \u00e9t\u00e9 r\u00e9cemment transmise au procureur g\u00e9n\u00e9ral afin que celle-ci saisisse la Chambre d\u2019instruction en vue d\u2019une seconde instruction du dossier. De ce fait, une premi\u00e8re audience a \u00e9t\u00e9 tenue le 23 octobre 2019.\u00a0<\/p>\n<p>Au cours de cette audience, les avocats de la d\u00e9fense ont sollicit\u00e9 et obtenu un renvoi de l\u2019examen de l\u2019affaire au 30 octobre 2019, o\u00f9 ils ont demand\u00e9 la production de l\u2019arr\u00eat de la Chambre d\u2019accusation qui avait renvoy\u00e9, le 21 mars 2014, M. Bl\u00e9 Goud\u00e9 devant la Cour p\u00e9nale internationale (CPI). \u00a0\u00a0<\/p>\n<p>Le 6 novembre 2019, le Conseil de M. Bl\u00e9 Goud\u00e9 a \u00e0 nouveau sollicit\u00e9 un autre renvoi au motif qu\u2019il n\u2019avait re\u00e7u copie de l\u2019arr\u00eat la veille \u00e0 12h26 et qu\u2019il ne disposait pas de temps n\u00e9cessaire pour d\u00e9poser le m\u00e9moire le lendemain \u00e0 15h, date et heure de l\u2019audience. Mais, la demande de renvoi a \u00e9t\u00e9 rejet\u00e9e.<\/p>\n<p>Les avocats de M. Bl\u00e9 Goud\u00e9 ont quitt\u00e9 mercredi la salle d\u2019audience. Selon le procureur g\u00e9n\u00e9ral d\u2019Abidjan, la pi\u00e8ce \u00e9tait \u00e0 leur disposition depuis le 31 octobre 2019 et il leur \u00e9tait loisible de consulter au greffe le document, mais \u00ab ils ont voulu absolument qu\u2019on leur d\u00e9livre copie \u00bb.<\/p>\n<p>Poursuivi pour \u00ab crimes de guerre et crimes contre la population civile \u00bb, la justice ivoirienne a requalifi\u00e9 les chefs d\u2019accusation port\u00e9s contre Charles Bl\u00e9 Goud\u00e9, notamment jug\u00e9s d\u2019 \u00ab abrog\u00e9s par le code p\u00e9nale en son article 564 \u00bb.\u00a0<\/p>\n<p>\u00ab C\u2019est vrai \u00bb que le nouveau Code p\u00e9nale de la loi du 26 juin 2019 a supprim\u00e9 certaines qualifications mais n\u2019a pas supprim\u00e9 les faits mat\u00e9riels qui les soutendent et qui sont susceptibles d\u2019autres \u00a0qualifications par la technique juridique de la requalification p\u00e9nale, a fait savoir le procureur g\u00e9n\u00e9ral d\u2019Abidjan. \u00a0\u00a0<\/p>\n<p>L\u2019appellation crimes contre l\u2019humanit\u00e9 peut dispara\u00eetre, mais pas les infractions individuelles, de meurtres, de viols, de tortures ne sont pas supprim\u00e9s par le nouveau code p\u00e9nal, d\u00e8s lors la qualification juridique peut changer mais les faits mat\u00e9riels existant peuvent faire l\u2019objet de requalification \u00bb, a-t-il dit.\u00a0<\/p>\n<p>\u00ab Dans le cas de M. Bl\u00e9 Goud\u00e9, les poursuites ont commenc\u00e9 sous l\u2019empire de l\u2019ancien code p\u00e9nale sous la qualification de crimes contre la population civile et de crimes de guerre et la poursuite s\u2019est continu\u00e9e sous le nouveau code p\u00e9nale, intervenu en cours de poursuite \u00bb, a-t-il ajout\u00e9.<\/p>\n<p>\u00a0\u00ab Rien dans ce nouveau Code p\u00e9nale n\u2019emp\u00eache une requalification juridique des faits qui lui sont reproch\u00e9s dans la mesure o\u00f9 ces faits dans leur mat\u00e9rialit\u00e9 existent \u00bb, a-t-il ajout\u00e9.<\/p>\n<p>Pour le procureur g\u00e9n\u00e9ral d\u2019Abidjan \u00ab on ne peut pas dire que la C\u00f4te d\u2019Ivoire s\u2019est dessaisie de sa comp\u00e9tence juridictionnelle au profit de la Cour p\u00e9nale internationale puisque les faits poursuivis par les juridictions ivoiriennes actuellement ne sont pas les m\u00eames que ceux qui ont \u00e9t\u00e9 d\u00e9f\u00e9r\u00e9s devant la CPI \u00bb.<\/p>\n<p>M. Bl\u00e9 Goud\u00e9 sera jug\u00e9 par d\u00e9faut, \u00e0 son absence, a d\u00e9clar\u00e9 le procureur g\u00e9n\u00e9ral pr\u00e8s la Cour d\u2019appel d\u2019Abidjan, tout en mentionnant que si ses avocats d\u00e9cidaient de ne pas assister au proc\u00e8s, il sera commis des avocats afin que l\u2019audience publique se tienne. \u00a0<\/p>\n<\/div>\n<p>Auteur: APA News<br \/>\n<a href=\"https:\/\/www.journalducameroun.com\/ble-goude-va-etre-juge-en-proces-devant-un-tribunal-criminel-procureur-general-dabidjan\/\">Cliquez ici pour lire l&rsquo;article depuis sa source.<\/a><\/p>\n","protected":false},"excerpt":{"rendered":"<p>Publi\u00e9 le 07.11.2019 \u00e0 22h18 par APA News Le procureur g\u00e9n\u00e9ral pr\u00e8s la Cour d\u2019appel d\u2019Abidjan, Marie-L\u00e9onard Lebry, a indiqu\u00e9 jeudi que Charles Bl\u00e9 Goud\u00e9 \u00ab va \u00eatre jug\u00e9 en proc\u00e8s \u00bb devant un tribunal criminel dans le cadre de la crise post-\u00e9lectorale ivoirienne de 2010-2011, lors d\u2019une conf\u00e9rence de presse.Une d\u00e9cision a \u00e9t\u00e9 rendue [&hellip;]<\/p>\n","protected":false},"author":1965,"featured_media":0,"comment_status":"closed","ping_status":"closed","sticky":false,"template":"","format":"standard","meta":{"fifu_image_url":"","fifu_image_alt":"","footnotes":""},"categories":[73,82],"tags":[],"class_list":["post-66858","post","type-post","status-publish","format-standard","hentry","category-actualite","category-cameroun"],"_links":{"self":[{"href":"https:\/\/linitiative.ca\/International\/wp-json\/wp\/v2\/posts\/66858","targetHints":{"allow":["GET"]}}],"collection":[{"href":"https:\/\/linitiative.ca\/International\/wp-json\/wp\/v2\/posts"}],"about":[{"href":"https:\/\/linitiative.ca\/International\/wp-json\/wp\/v2\/types\/post"}],"author":[{"embeddable":true,"href":"https:\/\/linitiative.ca\/International\/wp-json\/wp\/v2\/users\/1965"}],"replies":[{"embeddable":true,"href":"https:\/\/linitiative.ca\/International\/wp-json\/wp\/v2\/comments?post=66858"}],"version-history":[{"count":0,"href":"https:\/\/linitiative.ca\/International\/wp-json\/wp\/v2\/posts\/66858\/revisions"}],"wp:attachment":[{"href":"https:\/\/linitiative.ca\/International\/wp-json\/wp\/v2\/media?parent=66858"}],"wp:term":[{"taxonomy":"category","embeddable":true,"href":"https:\/\/linitiative.ca\/International\/wp-json\/wp\/v2\/categories?post=66858"},{"taxonomy":"post_tag","embeddable":true,"href":"https:\/\/linitiative.ca\/International\/wp-json\/wp\/v2\/tags?post=66858"}],"curies":[{"name":"wp","href":"https:\/\/api.w.org\/{rel}","templated":true}]}}