{"id":66859,"date":"2019-11-07T16:50:03","date_gmt":"2019-11-07T21:50:03","guid":{"rendered":"https:\/\/linitiative.ca\/International\/emmanuel-macron-juge-lotan-en-etat-de-mort-cerebrale\/"},"modified":"2019-11-07T16:50:03","modified_gmt":"2019-11-07T21:50:03","slug":"emmanuel-macron-juge-lotan-en-etat-de-mort-cerebrale","status":"publish","type":"post","link":"https:\/\/linitiative.ca\/International\/emmanuel-macron-juge-lotan-en-etat-de-mort-cerebrale\/","title":{"rendered":"Emmanuel Macron juge l\u2019Otan en \u00e9tat de \u00ab\u00a0mort c\u00e9r\u00e9brale\u00a0\u00bb"},"content":{"rendered":"<p>Emmanuel Macron a jug\u00e9 l\u2019Otan en \u00e9tat de \u00ab\u00a0mort c\u00e9r\u00e9brale\u00a0\u00bb dans un entretien publi\u00e9 jeudi, d\u00e9plorant le manque de coordination entre les \u00c9tats-Unis et l\u2019Europe et le comportement unilat\u00e9ral de la Turquie en Syrie, membre de l\u2019Alliance atlantique.<\/p>\n<p>La chanceli\u00e8re allemande Angela Merkel a r\u00e9agi en admettant des probl\u00e8mes sans partager la vision \u00ab\u00a0radicale\u00a0\u00bb d\u2019Emmanuel Macron. \u00c9tats-Unis et Canada ont soulign\u00e9 l\u2019importance de l\u2019Otan. Quand \u00e0 la Russie, elle a salu\u00e9 un diagnostic \u00ab\u00a0sinc\u00e8re\u00a0\u00bb et des \u00ab\u00a0paroles en or\u00a0\u00bb.<\/p>\n<p>\u00ab\u00a0Ce qu\u2019on est en train de vivre, c\u2019est la mort c\u00e9r\u00e9brale de l\u2019Otan\u00a0\u00bb, a d\u00e9clar\u00e9 le chef de l\u2019\u00c9tat fran\u00e7ais dans une interview \u00e0 l\u2019hebdomadaire The Economist \u00e0 para\u00eetre vendredi.<\/p>\n<p>\u00ab\u00a0Vous n\u2019avez aucune coordination de la d\u00e9cision strat\u00e9gique des \u00c9tats-Unis avec les partenaires de l\u2019Otan et nous assistons \u00e0 une agression men\u00e9e par un autre partenaire de l\u2019Otan, la Turquie, dans une zone o\u00f9 nos int\u00e9r\u00eats sont en jeu, sans coordination\u00a0\u00bb, a-t-il soulign\u00e9, en r\u00e9f\u00e9rence \u00e0 l\u2019intervention militaire turque en Syrie. \u00ab\u00a0Ce qui s\u2019est pass\u00e9 est un \u00e9norme probl\u00e8me pour l\u2019Otan\u00a0\u00bb.<\/p>\n<p>Il faut \u00ab\u00a0clarifier maintenant quelles sont les finalit\u00e9s strat\u00e9giques de l\u2019Otan\u00a0\u00bb, a-t-il ajout\u00e9, plaidant \u00e0 nouveau pour \u00ab\u00a0muscler\u00a0\u00bb l\u2019Europe de la d\u00e9fense, \u00e0 un mois d\u2019un sommet de l\u2019Alliance pr\u00e9vu \u00e0 Londres d\u00e9but d\u00e9cembre.<\/p>\n<p>M. Macron s\u2019interroge en particulier sur l\u2019avenir de l\u2019Article 5 du trait\u00e9 atlantique, qui pr\u00e9voit une solidarit\u00e9 militaire entre membres de l\u2019Alliance si l\u2019un d\u2019entre eux est attaqu\u00e9.<\/p>\n<p>\u00ab\u00a0C\u2019est quoi l\u2019Article 5 demain ? Si le r\u00e9gime de Bachar al-Assad d\u00e9cide de r\u00e9pliquer \u00e0 la Turquie, est-ce que nous allons nous engager ? C\u2019est une vraie question\u00a0\u00bb, estime-t-il.<\/p>\n<p>\u00ab\u00a0Nous nous sommes engag\u00e9s pour lutter contre Daech (acronyme de l\u2019organisation \u00c9tat islamique). Le paradoxe, c\u2019est que la d\u00e9cision am\u00e9ricaine (de retrait du nord de la Syrie) et l\u2019offensive turque dans les deux cas ont un m\u00eame r\u00e9sultat: le sacrifice de nos partenaires sur le terrain qui se sont battus contre Daech, les Forces d\u00e9mocratiques syriennes (FDS)\u00a0\u00bb, regrette-t-il.<\/p>\n<p>\u2013 L\u2019UE au \u00ab\u00a0bord du pr\u00e9cipice\u00a0\u00bb \u2013<\/p>\n<p>Cela rend pour le pr\u00e9sident fran\u00e7ais d\u2019autant plus \u00ab\u00a0essentiel d\u2019une part, l\u2019Europe de la d\u00e9fense \u2013- une Europe qui doit se doter d\u2019une autonomie strat\u00e9gique et capacitaire sur le plan militaire. Et d\u2019autre part, de rouvrir un dialogue strat\u00e9gique, sans na\u00efvet\u00e9 aucune et qui prendra du temps, avec la Russie\u00a0\u00bb.<\/p>\n<p>Le chef de l\u2019\u00c9tat pointe trois grands risques pour l\u2019Europe, qui la placent \u00ab\u00a0au bord du pr\u00e9cipice\u00a0\u00bb.<\/p>\n<p>D\u2019une part, \u00ab\u00a0l\u2019Europe a oubli\u00e9 qu\u2019elle \u00e9tait une communaut\u00e9, en se pensant progressivement comme un march\u00e9\u00a0\u00bb, souligne M. Macron.<\/p>\n<p>Ensuite, les \u00c9tats-Unis, qui restent \u00ab\u00a0notre grand alli\u00e9\u00a0\u00bb, regardent cependant d\u00e9sormais \u00ab\u00a0ailleurs\u00a0\u00bb, vers \u00ab\u00a0la Chine et le continent am\u00e9ricain\u00a0\u00bb, estime le chef de l\u2019\u00c9tat. \u00ab\u00a0Pour la premi\u00e8re fois, nous avons un pr\u00e9sident am\u00e9ricain qui ne partage pas l\u2019id\u00e9e du projet europ\u00e9en, et la politique am\u00e9ricaine se d\u00e9saligne de ce projet\u00a0\u00bb.<\/p>\n<p>Enfin, le r\u00e9\u00e9quilibrage du monde va de pair avec l\u2019\u00e9mergence depuis 15 ans d\u2019une puissance chinoise qui cr\u00e9e un risque de bipolarisation et marginalise clairement l\u2019Europe.<\/p>\n<p>Selon le pr\u00e9sident fran\u00e7ais, si\u2019il n\u2019y a pas en Europe \u00ab\u00a0un r\u00e9veil, une prise de conscience de cette situation et une d\u00e9cision de s\u2019en saisir, le risque est grand, \u00e0 terme, que g\u00e9opolitiquement nous disparaissions, ou en tous cas que nous ne soyons plus les ma\u00eetres de notre destin\u00a0\u00bb.<\/p>\n<p>La chanceli\u00e8re Angela Merkel a comment\u00e9 ces d\u00e9claration lors d\u2019une conf\u00e9rence de presse \u00e0 Berlin avec le secr\u00e9taire g\u00e9n\u00e9ral de l\u2019Otan Jens Stoltenberg.<\/p>\n<p>\u00ab\u00a0Je ne pense pas qu\u2019un tel jugement intempestif soit n\u00e9cessaire, m\u00eame si nous avons des probl\u00e8mes, m\u00eame si nous devons nous ressaisir\u00a0\u00bb, a-t-elle d\u00e9clar\u00e9, disant ne pas partager les \u00ab\u00a0termes radicaux\u00a0\u00bb de M. Macron.<\/p>\n<p>M. Stoltenberg a de son c\u00f4t\u00e9 estim\u00e9 que l\u2019Otan restait \u00ab\u00a0forte\u00a0\u00bb et que les \u00c9tats-Unis et l\u2019Europe \u00ab\u00a0travaillaient ensemble plus que nous ne l\u2019avons fait depuis des d\u00e9cennies\u00a0\u00bb.<\/p>\n<p>Le secr\u00e9taire d\u2019\u00c9tat am\u00e9ricain Mike Pompeo a jug\u00e9, lors d\u2019une conf\u00e9rence de presse \u00e0 Leipzig (Allemagne), que l\u2019Otan, restait \u00ab\u00a0historiquement un des partenariats strat\u00e9giques les plus importants\u00a0\u00bb. Il en a profit\u00e9 pour rappeler l\u2019exigence de Donald Trump (qui avait lui-m\u00eame qualifi\u00e9 l\u2019Otan d\u2019organisation \u00ab\u00a0obsol\u00e8te\u00a0\u00bb en janvier 2017) aux pays membres de l\u2019Alliance de mieux \u00ab\u00a0partager le fardeau\u00a0\u00bb de son financement.<\/p>\n<p>Interrog\u00e9 par les journalistes, le Premier ministre canadien Justin Trudeau a pour sa part soulign\u00e9 le \u00ab\u00a0r\u00f4le extr\u00eamement important\u00a0\u00bb de l\u2019organisation internationale sur la sc\u00e8ne internationale, notamment en Irak et en Lettonie.<\/p>\n<p>La porte-parole de la diplomatie russe, Maria Zakharova, a salu\u00e9 de son c\u00f4t\u00e9 sur sa page Facebook \u00ab\u00a0des paroles en or. Sinc\u00e8res et qui refl\u00e8tent l\u2019essentiel. Une d\u00e9finition pr\u00e9cise de l\u2019\u00e9tat actuel de l\u2019Otan\u00a0\u00bb.<\/p>\n<p>Le pr\u00e9sident fran\u00e7ais a cependant eu dans la m\u00eame interview des mots s\u00e9v\u00e8res sur la Russie dont le mod\u00e8le \u00ab\u00a0anti-europ\u00e9en\u00a0\u00bb, de \u00ab\u00a0sur-militarisation\u00a0\u00bb avec une population d\u00e9clinante et un PIB \u00ab\u00a0\u00e9quivalent \u00e0 celui de l\u2019Espagne\u00a0\u00bb n\u2019est selon lui \u00ab\u00a0pas soutenable\u00a0\u00bb. Si elle ne veut pas devenir un \u00ab\u00a0vassal de la Chine\u00a0\u00bb, la Russie n\u2019a d\u2019autre alternative qu\u2019un \u00ab\u00a0partenariat avec l\u2019Europe\u00a0\u00bb, a-t-il ajout\u00e9.<\/p>\n<p>leb-dab-vl-jk-mp-jbe\/lpt<\/p>\n<p>Auteur: AFP<br \/>\n<a href=\"https:\/\/www.journalducameroun.com\/emmanuel-macron-juge-lotan-en-etat-de-mort-cerebrale\/\">Cliquez ici pour lire l&rsquo;article depuis sa source.<\/a><\/p>\n","protected":false},"excerpt":{"rendered":"<p>Emmanuel Macron a jug\u00e9 l\u2019Otan en \u00e9tat de \u00ab\u00a0mort c\u00e9r\u00e9brale\u00a0\u00bb dans un entretien publi\u00e9 jeudi, d\u00e9plorant le manque de coordination entre les \u00c9tats-Unis et l\u2019Europe et le comportement unilat\u00e9ral de la Turquie en Syrie, membre de l\u2019Alliance atlantique. La chanceli\u00e8re allemande Angela Merkel a r\u00e9agi en admettant des probl\u00e8mes sans partager la vision \u00ab\u00a0radicale\u00a0\u00bb d\u2019Emmanuel [&hellip;]<\/p>\n","protected":false},"author":1965,"featured_media":0,"comment_status":"closed","ping_status":"closed","sticky":false,"template":"","format":"standard","meta":{"fifu_image_url":"","fifu_image_alt":"","footnotes":""},"categories":[73,82],"tags":[],"class_list":["post-66859","post","type-post","status-publish","format-standard","hentry","category-actualite","category-cameroun"],"_links":{"self":[{"href":"https:\/\/linitiative.ca\/International\/wp-json\/wp\/v2\/posts\/66859","targetHints":{"allow":["GET"]}}],"collection":[{"href":"https:\/\/linitiative.ca\/International\/wp-json\/wp\/v2\/posts"}],"about":[{"href":"https:\/\/linitiative.ca\/International\/wp-json\/wp\/v2\/types\/post"}],"author":[{"embeddable":true,"href":"https:\/\/linitiative.ca\/International\/wp-json\/wp\/v2\/users\/1965"}],"replies":[{"embeddable":true,"href":"https:\/\/linitiative.ca\/International\/wp-json\/wp\/v2\/comments?post=66859"}],"version-history":[{"count":0,"href":"https:\/\/linitiative.ca\/International\/wp-json\/wp\/v2\/posts\/66859\/revisions"}],"wp:attachment":[{"href":"https:\/\/linitiative.ca\/International\/wp-json\/wp\/v2\/media?parent=66859"}],"wp:term":[{"taxonomy":"category","embeddable":true,"href":"https:\/\/linitiative.ca\/International\/wp-json\/wp\/v2\/categories?post=66859"},{"taxonomy":"post_tag","embeddable":true,"href":"https:\/\/linitiative.ca\/International\/wp-json\/wp\/v2\/tags?post=66859"}],"curies":[{"name":"wp","href":"https:\/\/api.w.org\/{rel}","templated":true}]}}