{"id":66860,"date":"2019-11-07T17:18:03","date_gmt":"2019-11-07T22:18:03","guid":{"rendered":"https:\/\/linitiative.ca\/International\/presidentielle-algerienne-aucun-des-5-candidats-nincarne-le-renouveau-analyste\/"},"modified":"2019-11-07T17:18:03","modified_gmt":"2019-11-07T22:18:03","slug":"presidentielle-algerienne-aucun-des-5-candidats-nincarne-le-renouveau-analyste","status":"publish","type":"post","link":"https:\/\/linitiative.ca\/International\/presidentielle-algerienne-aucun-des-5-candidats-nincarne-le-renouveau-analyste\/","title":{"rendered":"Pr\u00e9sidentielle alg\u00e9rienne\u00a0: \u00ab\u00a0aucun\u00a0\u00bb des 5 candidats n\u2019incarne le renouveau (analyste)"},"content":{"rendered":"<div readability=\"32\">\n<p>Publi\u00e9 le 07.11.2019 \u00e0 23h18 par APA News<\/p>\n<\/div>\n<div readability=\"125\">\n<p>A quelques jours du d\u00e9but de la campagne pour l\u2019\u00e9lection pr\u00e9sidentielle du 12 d\u00e9cembre en Alg\u00e9rie, les cinq candidats retenus,\u00a0sont tous d\u2019anciens proches ou collaborateurs directs du pr\u00e9sident d\u00e9missionnaire Abdelaziz Bouteflika sur pression de la rue. Mais leurs profils individuels laissent \u00e0 croire qu\u2019aucun d\u2019entre eux n\u2019incarne la fin du syst\u00e8me exig\u00e9e par les manifestants du Hirak, selon Kader Abdelrahim, chercheur \u00e0 l\u2019Institut de relations internationales et strat\u00e9giques (IRIS) et sp\u00e9cialiste du Maghreb et de l\u2019Islamisme interrog\u00e9 par APA.Samedi dernier, l\u2019Autorit\u00e9 nationale ind\u00e9pendante des \u00e9lections (ANIE) a finalement retenu sur 22 postulants s\u00e9lectionn\u00e9s \u00e0 partir du syst\u00e8me des parrainages des \u00e9lecteurs les noms d\u2019Ali Benflis (75 ans), Abdelmadjid Tebboune (73 ans), Azzedine Mihoubi (60 ans), Abdelkader Bengrina (57 ans) et Abdelaziz Bela\u00efd (56 ans).<\/p>\n<p>Ces personnalit\u00e9s ne sont pas inconnues du bataillon politique alg\u00e9rien, comptables plus ou moins du bilan de pr\u00e8s de 20 ans de Bouteflika, parti en avril du pouvoir sur chaise roulante, affaibli depuis quelques ann\u00e9es par un AVC.<\/p>\n<p>Son projet de 5\u00e8 mandat soutenu par ses proches collaborateurs s\u2019est finalement heurt\u00e9 \u00e0 la r\u00e9sistance du peuple alg\u00e9rien, \u00e0 travers des manifestations pacifiques hebdomadaires.<\/p>\n<p>Les profils des candidats retenus ne semblent pas r\u00e9pondre aux aspirations des manifestants qui r\u00e9clament le d\u00e9part des dignitaires et caciques du d\u00e9funt r\u00e9gime et le renouv\u00e8lement de la classe politique.<\/p>\n<p>\u00ab Pas de favori, aucun chouchou \u00bb<\/p>\n<p>En effet Benflis et Tebboune sont deux anciens Premier ministres, m\u00eame si le premier se pr\u00e9sente depuis quinze ans comme le principal opposant de Bouteflika. Le second se d\u00e9finit pour sa part comme candidat \u00ab ind\u00e9pendant \u00bb.<\/p>\n<p>Azzedine Mihoubi fut ministre de la Culture jusqu\u2019en mars mais n\u2019a pas \u00e9t\u00e9 coll\u00e8gue de gouvernement d\u2019Abdelkader Bengrina lorsque ce dernier assurait le portefeuille du Tourisme (1997-1999). Ce dernier b\u00e9n\u00e9ficie dans sa candidature du soutien de la coalition islamiste, dont l\u2019un des d\u00e9put\u00e9s a \u00e9t\u00e9 \u00e9lu en septembre \u00e0 la pr\u00e9sidence de l\u2019Assembl\u00e9e populaire nationale.<\/p>\n<p>Enfin, Abdelaziz Bela\u00efd n\u2019a pas \u00e9t\u00e9 certes membre d\u2019un gouvernement de Bouteflika, mais le benjamin des candidats est n\u00e9anmoins un dirigeant d\u2019un parti peu repr\u00e9sentatif- le Front El Moustakbel- qui a eu \u00e0 soutenir l\u2019action du d\u00e9funt pouvoir.<\/p>\n<p>Parmi ces cinq, qui incarnerait le renouveau tel qu\u2019exig\u00e9 par le mouvement de contestation ?\u00a0<\/p>\n<p>Kader Abdelrahim, chercheur \u00e0 l\u2019Institut de relations internationales et strat\u00e9giques (IRIS) et sp\u00e9cialiste du Maghreb et de l\u2019Islamisme est cat\u00e9gorique : \u00ab Aucun ! C\u2019est tr\u00e8s clair\u2026 \u00bb.<\/p>\n<p>Cependant \u00ab le seul candidat \u00e0 propos duquel il faudrait peut-\u00eatre que je nuance ma r\u00e9ponse, c\u2019est Ali Benflis. Il \u00e9tait une fois Premier ministre et deux fois candidat \u00e0 l\u2019\u00e9lection pr\u00e9sidentielle. Il a carr\u00e9ment rompu avec le pr\u00e9sident sortant Bouteflika. C\u2019est le seul qui aurait pu \u00e9ventuellement jouer un r\u00f4le par rapport aux manifestations que l\u2019on voit depuis presque neuf mois en Alg\u00e9rie \u00bb.<\/p>\n<p>\u00ab Mais d\u00e8s l\u2019instant qu\u2019il s\u2019est port\u00e9 candidat, et puis il a \u00e9t\u00e9 chahut\u00e9 dans la banlieue d\u2019Alger samedi dernier, c\u2019est quand m\u00eame de tr\u00e8s mauvais augure \u00bb, a poursuivi M. Abdelrahim, auteur du livre \u00ab G\u00e9opolitique de l\u2019Etat islamique \u00bb paru lundi dernier dans les \u00e9ditions Eyrolles.<\/p>\n<p>Toutefois, souligne-t-il, les candidats partent \u00e0 chances \u00e9gales vu le cas de figure qui montre \u00ab une comp\u00e9tition \u00e0 peu pr\u00e8s \u00e9quitable \u00bb entre eux. En plus, ils ne \u00ab repr\u00e9sentent pas un danger pour le r\u00e9gime politique \u00bb qui s\u2019accommodera \u00ab tr\u00e8s bien \u00bb avec le prochain chef d\u2019Etat.<\/p>\n<p>Cette situation o\u00f9 l\u2019on assiste \u00e0 un semblant de divorce entre les politiques et la population n\u2019est pas qu\u2019alg\u00e9rienne ou arabe, selon le chercheur, par ailleurs ma\u00eetre de conf\u00e9rences \u00e0 SciencesPo de Paris. Elle traverse m\u00eame le continent africain au regard \u00ab des manifestations dans tout le monde arabe (Liban, Y\u00e9men,) \u00bb.<\/p>\n<p>C\u2019est la cons\u00e9quence du \u00ab rejet profond du personnel politique par des citoyens qui estiment qu\u2019il faut en finir avec la corruption devenue end\u00e9mique et avec la nature des r\u00e9gimes politiques qui se sont install\u00e9s depuis les ind\u00e9pendances et qui ont fait la preuve de leur incomp\u00e9tence, de leur inconsistance \u00bb, analyse Kader Abdelrahim.<\/p>\n<\/div>\n<p>Auteur: APA News<br \/>\n<a href=\"https:\/\/www.journalducameroun.com\/presidentielle-algerienne-aucun-des-5-candidats-nincarne-le-renouveau-analyste\/\">Cliquez ici pour lire l&rsquo;article depuis sa source.<\/a><\/p>\n","protected":false},"excerpt":{"rendered":"<p>Publi\u00e9 le 07.11.2019 \u00e0 23h18 par APA News A quelques jours du d\u00e9but de la campagne pour l\u2019\u00e9lection pr\u00e9sidentielle du 12 d\u00e9cembre en Alg\u00e9rie, les cinq candidats retenus,\u00a0sont tous d\u2019anciens proches ou collaborateurs directs du pr\u00e9sident d\u00e9missionnaire Abdelaziz Bouteflika sur pression de la rue. Mais leurs profils individuels laissent \u00e0 croire qu\u2019aucun d\u2019entre eux n\u2019incarne [&hellip;]<\/p>\n","protected":false},"author":1965,"featured_media":0,"comment_status":"closed","ping_status":"closed","sticky":false,"template":"","format":"standard","meta":{"fifu_image_url":"","fifu_image_alt":"","footnotes":""},"categories":[73,82],"tags":[],"class_list":["post-66860","post","type-post","status-publish","format-standard","hentry","category-actualite","category-cameroun"],"_links":{"self":[{"href":"https:\/\/linitiative.ca\/International\/wp-json\/wp\/v2\/posts\/66860","targetHints":{"allow":["GET"]}}],"collection":[{"href":"https:\/\/linitiative.ca\/International\/wp-json\/wp\/v2\/posts"}],"about":[{"href":"https:\/\/linitiative.ca\/International\/wp-json\/wp\/v2\/types\/post"}],"author":[{"embeddable":true,"href":"https:\/\/linitiative.ca\/International\/wp-json\/wp\/v2\/users\/1965"}],"replies":[{"embeddable":true,"href":"https:\/\/linitiative.ca\/International\/wp-json\/wp\/v2\/comments?post=66860"}],"version-history":[{"count":0,"href":"https:\/\/linitiative.ca\/International\/wp-json\/wp\/v2\/posts\/66860\/revisions"}],"wp:attachment":[{"href":"https:\/\/linitiative.ca\/International\/wp-json\/wp\/v2\/media?parent=66860"}],"wp:term":[{"taxonomy":"category","embeddable":true,"href":"https:\/\/linitiative.ca\/International\/wp-json\/wp\/v2\/categories?post=66860"},{"taxonomy":"post_tag","embeddable":true,"href":"https:\/\/linitiative.ca\/International\/wp-json\/wp\/v2\/tags?post=66860"}],"curies":[{"name":"wp","href":"https:\/\/api.w.org\/{rel}","templated":true}]}}