{"id":66861,"date":"2019-11-07T02:08:05","date_gmt":"2019-11-07T07:08:05","guid":{"rendered":"https:\/\/linitiative.ca\/International\/des-centaines-de-professionnels-attendus-au-forum-africain-des-infrastructures-de-yaounde\/"},"modified":"2019-11-07T02:08:05","modified_gmt":"2019-11-07T07:08:05","slug":"des-centaines-de-professionnels-attendus-au-forum-africain-des-infrastructures-de-yaounde","status":"publish","type":"post","link":"https:\/\/linitiative.ca\/International\/des-centaines-de-professionnels-attendus-au-forum-africain-des-infrastructures-de-yaounde\/","title":{"rendered":"Des centaines de professionnels attendus au Forum africain des infrastructures de Yaound\u00e9"},"content":{"rendered":"<div class=\"featured-area featured-area-inner\"><img loading=\"lazy\" decoding=\"async\" width=\"612\" height=\"306\" src=\"https:\/\/i1.wp.com\/ecomatin.net\/wp-content\/uploads\/2019\/11\/yaounde-cameroun.jpg?resize=612%2C306&#038;ssl=1\" class=\"attachment-jannah-image-post size-jannah-image-post wp-post-image\" alt=\"\" srcset=\"https:\/\/i1.wp.com\/ecomatin.net\/wp-content\/uploads\/2019\/11\/yaounde-cameroun.jpg?w=612&#038;ssl=1 612w, https:\/\/i1.wp.com\/ecomatin.net\/wp-content\/uploads\/2019\/11\/yaounde-cameroun.jpg?resize=300%2C150&#038;ssl=1 300w\" sizes=\"auto, (max-width: 612px) 100vw, 612px\" data-attachment-id=\"14038\" data-permalink=\"https:\/\/ecomatin.net\/des-centaines-de-professionnels-attendus-au-forum-africain-des-infrastructures-de-yaounde\/yaounde-cameroun\/\" data-orig-file=\"https:\/\/i1.wp.com\/ecomatin.net\/wp-content\/uploads\/2019\/11\/yaounde-cameroun.jpg?fit=612%2C306&#038;ssl=1\" data-orig-size=\"612,306\" data-comments-opened=\"0\" data-image-meta=\"{\"aperture\":\"0\",\"credit\":\"\",\"camera\":\"\",\"caption\":\"\",\"created_timestamp\":\"0\",\"copyright\":\"\",\"focal_length\":\"0\",\"iso\":\"0\",\"shutter_speed\":\"0\",\"title\":\"\",\"orientation\":\"0\"}\" data-image-title=\"yaounde-cameroun\" data-image-description=\"\" data-medium-file=\"https:\/\/i1.wp.com\/ecomatin.net\/wp-content\/uploads\/2019\/11\/yaounde-cameroun.jpg?fit=300%2C150&#038;ssl=1\" data-large-file=\"https:\/\/i1.wp.com\/ecomatin.net\/wp-content\/uploads\/2019\/11\/yaounde-cameroun.jpg?fit=612%2C306&#038;ssl=1\"\/><\/div>\n<div class=\"entry-content entry clearfix\" readability=\"67\">\n<p>Les \u00e9tudes r\u00e9alis\u00e9es par les institutions internationales constatent des liaisons inefficaces entre les diff\u00e9rents modes de transport (a\u00e9rien, routier et ferroviaire). Mais aussi, des ports mal \u00e9quip\u00e9s, des r\u00e9seaux ferroviaires obsol\u00e8tes et un acc\u00e8s insuffisant aux routes utilisables en toutes saisons, constituent les probl\u00e8mes fondamentaux auxquels est confront\u00e9 le syst\u00e8me des transports en Afrique.<\/p>\n<p>Experts et analystes s\u2019accordent \u00e0 dire que les d\u00e9fis \u00e0 relever sur le plan du d\u00e9veloppement des infrastructures de transport requi\u00e8rent un recadrage des visions strat\u00e9giques et des outils de planification du secteur des transports pour lui permettre de jouer pleinement son r\u00f4le de catalyseur de la croissance \u00e9conomique. A cet \u00e9gard, le Forum africain des infrastructures, rendu \u00e0 sa 12<sup>e<\/sup> \u00e9dition, veut \u0153uvrer pour le d\u00e9veloppement d\u2019infrastructures routi\u00e8res, portuaires et a\u00e9roportuaires performantes. Ceci \u00e0 travers des plateformes de d\u00e9bats et de networking entre gouvernements, acteurs cl\u00e9s des secteurs public et priv\u00e9, ainsi que l\u2019ensemble de l\u2019\u00e9cosyst\u00e8me des infrastructures de transport en Afrique francophone.<\/p>\n<p>Cet \u00e9v\u00e9nement, plac\u00e9 sous l\u2019\u00e9gide du gouvernement camerounais, b\u00e9n\u00e9ficie de la collaboration du Conseil d\u2019appui \u00e0 la r\u00e9alisation des contrats de partenariats (<strong>CARPA<\/strong>) et <strong>PROPARCO<\/strong>, filiale de l\u2019Agence fran\u00e7aise de d\u00e9veloppement (<strong>AFD<\/strong>). Rendez-vous de promotion \u00e9conomique sur le continent africain, il regroupera plus de 400 acteurs et priv\u00e9s provenant de plus de 20 pays d\u2019Afrique.<\/p>\n<p>Les d\u00e9bats dans le cadre de cette plateforme annuelle d\u2019exposition et d\u2019\u00e9changes sur les enjeux li\u00e9s au d\u00e9veloppement des infrastructures en Afrique,\u00a0 seront centr\u00e9s sur les <em>\u00ab Infrastructures de transport, catalyseur de l\u2019\u00e9mergence r\u00e9gionale \u00bb.<\/em> Le th\u00e8me de cette \u00e9dition 2019 se propose de s\u2019int\u00e9resser \u00e0 l\u2019\u00e9mergence du continent, une Afrique dynamique et capable de lancer des projets structurants\u00a0 ambitieux et performants dans le domaine des infrastructures de transport.<\/p>\n<div class=\"about-author about-author-box container-wrapper\">\n<div class=\"author-avatar\"><img decoding=\"async\" src=\"http:\/\/\" alt=\"\"\/><\/div>\n<p><h4>La R\u00e9daction EcoMatin<\/h4>\n<\/p>\n<\/div>\n<div class=\"awac-wrapper awac widget blog_subscription-2\">\n<h4 class=\"widget-title\">Abonnez-vous \u00e0 notre lettre d&rsquo;information<\/h4>\n<\/div>\n<\/div>\n<div class=\"toggle-post-content clearfix\"><a id=\"toggle-post-button\" class=\"button\" href=\"#\">Afficher plus <\/a><\/div>\n<p>Auteur: EcoMatin<br \/>\n<a href=\"https:\/\/ecomatin.net\/des-centaines-de-professionnels-attendus-au-forum-africain-des-infrastructures-de-yaounde\/\">Cliquez ici pour lire l&rsquo;article depuis sa source.<\/a><\/p>\n","protected":false},"excerpt":{"rendered":"<p>Les \u00e9tudes r\u00e9alis\u00e9es par les institutions internationales constatent des liaisons inefficaces entre les diff\u00e9rents modes de transport (a\u00e9rien, routier et ferroviaire). Mais aussi, des ports mal \u00e9quip\u00e9s, des r\u00e9seaux ferroviaires obsol\u00e8tes et un acc\u00e8s insuffisant aux routes utilisables en toutes saisons, constituent les probl\u00e8mes fondamentaux auxquels est confront\u00e9 le syst\u00e8me des transports en Afrique. Experts [&hellip;]<\/p>\n","protected":false},"author":1969,"featured_media":0,"comment_status":"closed","ping_status":"closed","sticky":false,"template":"","format":"standard","meta":{"fifu_image_url":"","fifu_image_alt":"","footnotes":""},"categories":[82,78],"tags":[],"class_list":["post-66861","post","type-post","status-publish","format-standard","hentry","category-cameroun","category-economie"],"_links":{"self":[{"href":"https:\/\/linitiative.ca\/International\/wp-json\/wp\/v2\/posts\/66861","targetHints":{"allow":["GET"]}}],"collection":[{"href":"https:\/\/linitiative.ca\/International\/wp-json\/wp\/v2\/posts"}],"about":[{"href":"https:\/\/linitiative.ca\/International\/wp-json\/wp\/v2\/types\/post"}],"author":[{"embeddable":true,"href":"https:\/\/linitiative.ca\/International\/wp-json\/wp\/v2\/users\/1969"}],"replies":[{"embeddable":true,"href":"https:\/\/linitiative.ca\/International\/wp-json\/wp\/v2\/comments?post=66861"}],"version-history":[{"count":0,"href":"https:\/\/linitiative.ca\/International\/wp-json\/wp\/v2\/posts\/66861\/revisions"}],"wp:attachment":[{"href":"https:\/\/linitiative.ca\/International\/wp-json\/wp\/v2\/media?parent=66861"}],"wp:term":[{"taxonomy":"category","embeddable":true,"href":"https:\/\/linitiative.ca\/International\/wp-json\/wp\/v2\/categories?post=66861"},{"taxonomy":"post_tag","embeddable":true,"href":"https:\/\/linitiative.ca\/International\/wp-json\/wp\/v2\/tags?post=66861"}],"curies":[{"name":"wp","href":"https:\/\/api.w.org\/{rel}","templated":true}]}}