{"id":66863,"date":"2019-11-08T09:41:48","date_gmt":"2019-11-08T14:41:48","guid":{"rendered":"https:\/\/linitiative.ca\/International\/quand-les-couleurs-comblent-un-vague-a-lame-par-le-pinceau-de-rajae-lahlou\/"},"modified":"2019-11-08T09:41:48","modified_gmt":"2019-11-08T14:41:48","slug":"quand-les-couleurs-comblent-un-vague-a-lame-par-le-pinceau-de-rajae-lahlou","status":"publish","type":"post","link":"https:\/\/linitiative.ca\/International\/quand-les-couleurs-comblent-un-vague-a-lame-par-le-pinceau-de-rajae-lahlou\/","title":{"rendered":"Quand les couleurs comblent un vague  \u00e0 l\u2019\u00e2me par le pinceau de Rajae Lahlou"},"content":{"rendered":"<p><img decoding=\"async\" class=\"post_layout_5_img\" src=\"http:\/\/aujourdhui.ma\/wp-content\/uploads\/2019\/11\/Rajae-Lahlou-exposition-galerie.jpg?x29840\" alt=\"Quand les couleurs comblent un vague \u00e0 l\u2019\u00e2me par le pinceau de Rajae Lahlou\"\/><\/p>\n<p class=\"p1\"><span class=\"c4\"><strong><em>Elle organisera bient\u00f4t sa 1\u00e8re grande exposition\u00a0<\/em><em>dans sa propre galerie<\/em><\/strong><\/span><span id=\"more-322946\"\/><\/p>\n<p class=\"p2\">A voir les fonds des toiles de l\u2019artiste-peintre marocaine Rajae Lahlou tout vague \u00e0 l\u2019\u00e2me est susceptible d\u2019\u00eatre combl\u00e9 par les couleurs qui en font la base. Une impression confirm\u00e9e par l\u2019artiste elle-m\u00eame lors d\u2019un \u00e9change en pr\u00e9lude \u00e0 sa premi\u00e8re grande exposition individuelle qu\u2019elle tiendra le 22 novembre \u00e0 Casablanca. <em>\u00abUne date qui sera \u00e9galement marqu\u00e9e par l\u2019inauguration de ma galerie, Living for art, qui sera la plus grande de la m\u00e9tropole\u00bb,<\/em> annonce-t-elle. Dans cet espace, pr\u00e9vu d\u2019abriter ult\u00e9rieurement une fondation, l\u2019exposition de l\u2019artiste sera, selon ses dires, l\u2019occasion de r\u00e9v\u00e9ler \u00abune surprise\u00bb ainsi qu\u2019un large choix d\u2019\u0153uvres, nouvelles et propres, expos\u00e9es pour la premi\u00e8re fois, dans lesquelles elle \u00abose\u00bb faire le m\u00e9lange des couleurs qu\u2019elle dit adorer. <em>\u00abJe cr\u00e9e m\u00eame des alliages de tons\u00bb, encha\u00eene-t-elle en pr\u00e9cisant faire une<\/em> \u00abpeinture mutante\u00bb.<\/p>\n<p class=\"p2\"><span class=\"s1\">En fait, elle doit cette mixture au hasard et<span class=\"Apple-converted-space\">\u00a0<\/span> \u00e0 un fait marquant de sa vie. <em>\u00abQuand mon conjoint m\u2019a demand\u00e9 de m\u2019occuper de notre villa que j\u2019ai transform\u00e9e en toile, mon entourage s\u2019est rendu compte que je suis artiste\u00bb,<\/em> remonte-t-elle le temps. Apr\u00e8s quoi, ses proches lui ont propos\u00e9 de se lancer dans la d\u00e9coration d\u2019int\u00e9rieur puisqu\u2019elle arrive \u00e0 faire des compositions florales, entre autres, innovantes. Cette exp\u00e9rience a incit\u00e9 l\u2019artiste \u00e0 ouvrir un magasin, qui est son coin pr\u00e9f\u00e9r\u00e9 et o\u00f9 elle fait, dans son atelier, preuve d\u2019imagination artistique depuis 2002. <em>\u00abBien que je n\u2019aie pas \u00e9tudi\u00e9 l\u2019art, je me qualifie d\u2019autodidacte. D\u00e9j\u00e0, quand j\u2019\u00e9tais enfant, ma vie prenait la forme d\u2019une toile artistique puisque j\u2019\u00e9crivais des po\u00e8mes et des nouvelles\u00bb,<\/em> poursuit l\u2019artiste qui fait dans l\u2019art abstrait. C\u2019est, en fait, dans ce style qu\u2019elle se sent, selon ses dires, \u00e0 l\u2019aise et parvient \u00e0 exprimer ses sentiments. <em>\u00abQuand une personne contemple mes toiles, elle \u00e9prouve ce que je ressens\u00bb<\/em>, encha\u00eene-t-elle.<\/span><\/p>\n<p class=\"p2\"><span class=\"s1\">Outre les couleurs, qui refl\u00e8tent des graduations structurelles dans ses \u0153uvres,<span class=\"Apple-converted-space\">\u00a0<\/span> l\u2019artiste-peintre est passionn\u00e9e pour le verbe. Certaines toiles sont m\u00eame meubl\u00e9es, \u00e0 l\u2019occasion du mois sacr\u00e9, de versets coraniques. De quoi emplir tout vague \u00e0 l\u2019\u00e2me. <em>\u00abDans la vie, il est possible de combler doucement le vide jusqu\u2019\u00e0 atteindre nos buts\u00bb,<\/em> raisonne Rajae Lahlou (de son vrai nom de famille Essayegh). A propos de son patronyme, elle se dit fi\u00e8re de Lahlou, qui n\u2019est autre que le nom de son \u00e9poux et ses descendants auxquels elle ne manque pas de devoir une fi\u00e8re chandelle.\u00a0<\/span><\/p>\n<p>Auteur: Siham Jadraoui<br \/>\n<a href=\"http:\/\/aujourdhui.ma\/culture\/quand-les-couleurs-comblent-un-vague-a-lame-par-le-pinceau-de-rajae-lahlou\">Cliquez ici pour lire l&rsquo;article depuis sa source.<\/a><\/p>\n","protected":false},"excerpt":{"rendered":"<p>Elle organisera bient\u00f4t sa 1\u00e8re grande exposition\u00a0dans sa propre galerie A voir les fonds des toiles de l\u2019artiste-peintre marocaine Rajae Lahlou tout vague \u00e0 l\u2019\u00e2me est susceptible d\u2019\u00eatre combl\u00e9 par les couleurs qui en font la base. Une impression confirm\u00e9e par l\u2019artiste elle-m\u00eame lors d\u2019un \u00e9change en pr\u00e9lude \u00e0 sa premi\u00e8re grande exposition individuelle qu\u2019elle [&hellip;]<\/p>\n","protected":false},"author":1759,"featured_media":0,"comment_status":"closed","ping_status":"closed","sticky":false,"template":"","format":"standard","meta":{"fifu_image_url":"","fifu_image_alt":"","footnotes":""},"categories":[73,54],"tags":[],"class_list":["post-66863","post","type-post","status-publish","format-standard","hentry","category-actualite","category-maroc"],"_links":{"self":[{"href":"https:\/\/linitiative.ca\/International\/wp-json\/wp\/v2\/posts\/66863","targetHints":{"allow":["GET"]}}],"collection":[{"href":"https:\/\/linitiative.ca\/International\/wp-json\/wp\/v2\/posts"}],"about":[{"href":"https:\/\/linitiative.ca\/International\/wp-json\/wp\/v2\/types\/post"}],"author":[{"embeddable":true,"href":"https:\/\/linitiative.ca\/International\/wp-json\/wp\/v2\/users\/1759"}],"replies":[{"embeddable":true,"href":"https:\/\/linitiative.ca\/International\/wp-json\/wp\/v2\/comments?post=66863"}],"version-history":[{"count":0,"href":"https:\/\/linitiative.ca\/International\/wp-json\/wp\/v2\/posts\/66863\/revisions"}],"wp:attachment":[{"href":"https:\/\/linitiative.ca\/International\/wp-json\/wp\/v2\/media?parent=66863"}],"wp:term":[{"taxonomy":"category","embeddable":true,"href":"https:\/\/linitiative.ca\/International\/wp-json\/wp\/v2\/categories?post=66863"},{"taxonomy":"post_tag","embeddable":true,"href":"https:\/\/linitiative.ca\/International\/wp-json\/wp\/v2\/tags?post=66863"}],"curies":[{"name":"wp","href":"https:\/\/api.w.org\/{rel}","templated":true}]}}