{"id":66865,"date":"2019-11-08T09:51:23","date_gmt":"2019-11-08T14:51:23","guid":{"rendered":"https:\/\/linitiative.ca\/International\/la-6eme-edition-du-festival-de-theatre-de-houara-jusquau-10-novembre-a-oulad-teima\/"},"modified":"2019-11-08T09:51:23","modified_gmt":"2019-11-08T14:51:23","slug":"la-6eme-edition-du-festival-de-theatre-de-houara-jusquau-10-novembre-a-oulad-teima","status":"publish","type":"post","link":"https:\/\/linitiative.ca\/International\/la-6eme-edition-du-festival-de-theatre-de-houara-jusquau-10-novembre-a-oulad-teima\/","title":{"rendered":"La 6\u00e8me \u00e9dition du Festival de th\u00e9\u00e2tre de Houara jusqu\u2019au 10 novembre \u00e0 Oulad Teima"},"content":{"rendered":"<header>\n<div class=\"entry-post-meta\">\n<div class=\"author-link\">Publi\u00e9 par <a itemprop=\"author\" itemscope=\"\" itemtype=\"https:\/\/schema.org\/Person\" href=\"http:\/\/aujourdhui.ma\/profile\/kaid\" rel=\"author\"><span itemprop=\"name\">ALM<\/span><\/a><\/div>\n<p>Date\u00a0:<time content=\"2019-11-08T15:51:23+00:00\" class=\"entry-date updated\" datetime=\"2019-11-08T15:51:23+00:00\">novembre 08, 2019<\/time><\/p>\n<div class=\"entry-cat\">dans:<a href=\"http:\/\/aujourdhui.ma\/category\/culture\" rel=\"category tag\">Culture<\/a><\/div>\n<p>0 Vues<\/p>\n<\/div>\n<\/header>\n<div class=\"entry-content clearfix\" readability=\"44\"><img decoding=\"async\" class=\"post_layout_5_img\" src=\"http:\/\/aujourdhui.ma\/wp-content\/uploads\/2019\/11\/theatre.jpg?x29840\" alt=\"La 6\u00e8me \u00e9dition du Festival de th\u00e9\u00e2tre de Houara jusqu\u2019au 10 novembre \u00e0 Oulad Teima\"\/><\/p>\n<p class=\"p1\"><span class=\"s1\"><span class=\"c4\"><strong>La 6\u00e8me \u00e9dition du Festival de th\u00e9\u00e2tre de Houara se tiendra du 7 au 10 novembre \u00e0 Oulad Teima (province de Taroudant), sous le th\u00e8me \u00abLe th\u00e9\u00e2tre, une plate-forme de coexistence et de tol\u00e9rance\u00bb.<\/strong><\/span><\/span> <span id=\"more-323003\"\/><\/p>\n<p class=\"p1\"><span class=\"s1\">Cette manifestation, qui co\u00efncide avec la comm\u00e9moration de l\u2019anniversaire de la glorieuse Marche Verte, sera marqu\u00e9e par la participation de plusieurs troupes en provenance de sept pays, indique un communiqu\u00e9 du \u00abForum Anfass pour la culture et l\u2019art\u00bb, initiateur de cet \u00e9v\u00e9nement.<\/span><\/p>\n<\/div>\n<p>Auteur: ALM<br \/>\n<a href=\"http:\/\/aujourdhui.ma\/culture\/la-6eme-edition-du-festival-de-theatre-de-houara-jusquau-10-novembre-a-oulad-teima\">Cliquez ici pour lire l&rsquo;article depuis sa source.<\/a><\/p>\n","protected":false},"excerpt":{"rendered":"<p>Publi\u00e9 par ALM Date\u00a0:novembre 08, 2019 dans:Culture 0 Vues La 6\u00e8me \u00e9dition du Festival de th\u00e9\u00e2tre de Houara se tiendra du 7 au 10 novembre \u00e0 Oulad Teima (province de Taroudant), sous le th\u00e8me \u00abLe th\u00e9\u00e2tre, une plate-forme de coexistence et de tol\u00e9rance\u00bb. Cette manifestation, qui co\u00efncide avec la comm\u00e9moration de l\u2019anniversaire de la glorieuse [&hellip;]<\/p>\n","protected":false},"author":1759,"featured_media":0,"comment_status":"closed","ping_status":"closed","sticky":false,"template":"","format":"standard","meta":{"fifu_image_url":"","fifu_image_alt":"","footnotes":""},"categories":[73,54],"tags":[],"class_list":["post-66865","post","type-post","status-publish","format-standard","hentry","category-actualite","category-maroc"],"_links":{"self":[{"href":"https:\/\/linitiative.ca\/International\/wp-json\/wp\/v2\/posts\/66865","targetHints":{"allow":["GET"]}}],"collection":[{"href":"https:\/\/linitiative.ca\/International\/wp-json\/wp\/v2\/posts"}],"about":[{"href":"https:\/\/linitiative.ca\/International\/wp-json\/wp\/v2\/types\/post"}],"author":[{"embeddable":true,"href":"https:\/\/linitiative.ca\/International\/wp-json\/wp\/v2\/users\/1759"}],"replies":[{"embeddable":true,"href":"https:\/\/linitiative.ca\/International\/wp-json\/wp\/v2\/comments?post=66865"}],"version-history":[{"count":0,"href":"https:\/\/linitiative.ca\/International\/wp-json\/wp\/v2\/posts\/66865\/revisions"}],"wp:attachment":[{"href":"https:\/\/linitiative.ca\/International\/wp-json\/wp\/v2\/media?parent=66865"}],"wp:term":[{"taxonomy":"category","embeddable":true,"href":"https:\/\/linitiative.ca\/International\/wp-json\/wp\/v2\/categories?post=66865"},{"taxonomy":"post_tag","embeddable":true,"href":"https:\/\/linitiative.ca\/International\/wp-json\/wp\/v2\/tags?post=66865"}],"curies":[{"name":"wp","href":"https:\/\/api.w.org\/{rel}","templated":true}]}}