{"id":66866,"date":"2019-11-08T09:56:35","date_gmt":"2019-11-08T14:56:35","guid":{"rendered":"https:\/\/linitiative.ca\/International\/dchira-el-jihadia-il-tue-son-frere-pour-une-cle\/"},"modified":"2019-11-08T09:56:35","modified_gmt":"2019-11-08T14:56:35","slug":"dchira-el-jihadia-il-tue-son-frere-pour-une-cle","status":"publish","type":"post","link":"https:\/\/linitiative.ca\/International\/dchira-el-jihadia-il-tue-son-frere-pour-une-cle\/","title":{"rendered":"Dchira  El Jihadia :   Il tue son fr\u00e8re pour une cl\u00e9"},"content":{"rendered":"<header>\n<\/header>\n<div class=\"entry-content clearfix\" readability=\"63\"><img decoding=\"async\" class=\"post_layout_5_img\" src=\"http:\/\/aujourdhui.ma\/wp-content\/uploads\/2017\/07\/couteau-crime-tueur.jpg?x29840\" alt=\"Dchira El Jihadia : Il tue son fr\u00e8re pour une cl\u00e9\"\/><\/p>\n<p class=\"p1\"><strong><span class=\"s1 c4\">Le meurtrier souffrirait de troubles psychiques, mais rien n\u2019est confirm\u00e9 en l\u2019absence de documents prouvant qu\u2019il avait rendu visite \u00e0 un psychiatre ou avoir \u00e9t\u00e9 intern\u00e9 dans un h\u00f4pital psychiatrique.<\/span><\/strong> <span id=\"more-323009\"\/><\/p>\n<p class=\"p1\"><span class=\"s1\">Au quartier El Ghyaten situ\u00e9 \u00e0 Dchira El Jihadia s\u2019\u00e9loignant d\u2019une dizaine de kilom\u00e8tres au sud d\u2019Agadir et relevant de la pr\u00e9fecture d\u2019Inzegane-A\u00eft Melloul, un fratricide a eu lieu, dimanche dernier, vers le d\u00e9but de l\u2019apr\u00e8s-midi. En effet, un homme, \u00e2g\u00e9 de trente ans, a tu\u00e9 son fr\u00e8re benjamin, apprend-on d\u2019une source judiciaire, lors d\u2019un malentendu portant sur une cl\u00e9 de la porte de leur domicile. La m\u00eame source a pr\u00e9cis\u00e9 que le meurtrier souffrirait de troubles psychiques, mais rien n\u2019est confirm\u00e9 en l\u2019absence de documents prouvant qu\u2019il avait rendu visite \u00e0 un psychiatre ou avoir \u00e9t\u00e9 intern\u00e9 dans un h\u00f4pital psychiatrique. De m\u00eame le parquet g\u00e9n\u00e9ral pr\u00e8s la Cour d\u2019appel d\u2019Agadir n\u2019a pas encore donn\u00e9 ses instructions pour que le meurtrier soit soumis \u00e0 une expertise psychiatrique.<\/span><\/p>\n<p class=\"p1\"><span class=\"s1\">Concernant l\u2019affaire, la m\u00eame source judiciaire a affirm\u00e9 que le meurtrier avait demand\u00e9 \u00e0 son fr\u00e8re, \u00e2g\u00e9 de dix-neuf ans, de lui remettre la cl\u00e9 de leur domicile. Toutefois, ce dernier a refus\u00e9. Furieux, l\u2019a\u00een\u00e9 a sorti un couteau et ass\u00e8ne un coup \u00e0 son fr\u00e8re qui pousse un cri strident avant de tomber par terre. Alert\u00e9s, les \u00e9l\u00e9ments de la police judiciaire de la r\u00e9gion \u00e9paul\u00e9s de leurs coll\u00e8gues de la sc\u00e8ne du crime entament les investigations n\u00e9cessaires. Le fr\u00e8re bless\u00e9 a \u00e9t\u00e9 \u00e9vacu\u00e9 par une ambulance \u00e0 destination de l\u2019h\u00f4pital. Malheureusement, \u00e0 mi-chemin, il a rendu l\u2019\u00e2me. Quant au fr\u00e8re a\u00een\u00e9 qui a pris la fuite, il a \u00e9t\u00e9 arr\u00eat\u00e9 quelques minutes plus tard.<span class=\"Apple-converted-space\">\u00a0 \u00a0<\/span><\/span><\/p>\n<\/div>\n<p>Auteur: Abderrafii ALOUMLIKI<br \/>\n<a href=\"http:\/\/aujourdhui.ma\/faits-divers\/dchira-el-jihadia-il-tue-son-frere-pour-une-cle\">Cliquez ici pour lire l&rsquo;article depuis sa source.<\/a><\/p>\n","protected":false},"excerpt":{"rendered":"<p>Le meurtrier souffrirait de troubles psychiques, mais rien n\u2019est confirm\u00e9 en l\u2019absence de documents prouvant qu\u2019il avait rendu visite \u00e0 un psychiatre ou avoir \u00e9t\u00e9 intern\u00e9 dans un h\u00f4pital psychiatrique. Au quartier El Ghyaten situ\u00e9 \u00e0 Dchira El Jihadia s\u2019\u00e9loignant d\u2019une dizaine de kilom\u00e8tres au sud d\u2019Agadir et relevant de la pr\u00e9fecture d\u2019Inzegane-A\u00eft Melloul, un [&hellip;]<\/p>\n","protected":false},"author":1759,"featured_media":0,"comment_status":"closed","ping_status":"closed","sticky":false,"template":"","format":"standard","meta":{"fifu_image_url":"","fifu_image_alt":"","footnotes":""},"categories":[73,54],"tags":[],"class_list":["post-66866","post","type-post","status-publish","format-standard","hentry","category-actualite","category-maroc"],"_links":{"self":[{"href":"https:\/\/linitiative.ca\/International\/wp-json\/wp\/v2\/posts\/66866","targetHints":{"allow":["GET"]}}],"collection":[{"href":"https:\/\/linitiative.ca\/International\/wp-json\/wp\/v2\/posts"}],"about":[{"href":"https:\/\/linitiative.ca\/International\/wp-json\/wp\/v2\/types\/post"}],"author":[{"embeddable":true,"href":"https:\/\/linitiative.ca\/International\/wp-json\/wp\/v2\/users\/1759"}],"replies":[{"embeddable":true,"href":"https:\/\/linitiative.ca\/International\/wp-json\/wp\/v2\/comments?post=66866"}],"version-history":[{"count":0,"href":"https:\/\/linitiative.ca\/International\/wp-json\/wp\/v2\/posts\/66866\/revisions"}],"wp:attachment":[{"href":"https:\/\/linitiative.ca\/International\/wp-json\/wp\/v2\/media?parent=66866"}],"wp:term":[{"taxonomy":"category","embeddable":true,"href":"https:\/\/linitiative.ca\/International\/wp-json\/wp\/v2\/categories?post=66866"},{"taxonomy":"post_tag","embeddable":true,"href":"https:\/\/linitiative.ca\/International\/wp-json\/wp\/v2\/tags?post=66866"}],"curies":[{"name":"wp","href":"https:\/\/api.w.org\/{rel}","templated":true}]}}