{"id":66867,"date":"2019-11-08T10:01:50","date_gmt":"2019-11-08T15:01:50","guid":{"rendered":"https:\/\/linitiative.ca\/International\/en-une-journee-trois-personnes-se-donnent-la-mort-et-deux-tentent-de-le-faire\/"},"modified":"2019-11-08T10:01:50","modified_gmt":"2019-11-08T15:01:50","slug":"en-une-journee-trois-personnes-se-donnent-la-mort-et-deux-tentent-de-le-faire","status":"publish","type":"post","link":"https:\/\/linitiative.ca\/International\/en-une-journee-trois-personnes-se-donnent-la-mort-et-deux-tentent-de-le-faire\/","title":{"rendered":"En une journ\u00e9e trois personnes se donnent la mort et deux tentent de le faire"},"content":{"rendered":"<header>\n<\/header>\n<div class=\"entry-content clearfix\" readability=\"66\"><img decoding=\"async\" class=\"post_layout_5_img\" src=\"http:\/\/aujourdhui.ma\/wp-content\/uploads\/2016\/03\/Cadavre-Crime-police-judiciaire.jpg?x29840\" alt=\"En une journ\u00e9e trois personnes se donnent la mort et deux tentent de le faire\"\/><\/p>\n<p class=\"p1\"><span class=\"c5\"><strong><span class=\"s1 c4\">Pour des causes encore ind\u00e9termin\u00e9es, une m\u00e8re de trois enfants, \u00e2g\u00e9e de quarante-quatre ans, demeurant dans la p\u00e9riph\u00e9rie de la ville d\u2019Ouezzane, a mis fin \u00e0 sa vie, vendredi soir, en ingurgitant du raticide. Rapidement, cette quadrag\u00e9naire a \u00e9t\u00e9 \u00e9vacu\u00e9e de chez elle dans une ambulance en direction de l\u2019h\u00f4pital Dar Dmana, mais elle a rendu l\u2019\u00e2me en cours de route.<\/span><\/strong><\/span> <span id=\"more-322979\"\/><\/p>\n<p class=\"p1\"><span class=\"s1\">Le m\u00eame soir, dans la commune rurale A\u00eft Faska relevant de la province d\u2019Al Haouz, une jeune fille de vingt-huit ans s\u2019est donn\u00e9 la mort par pendaison. Son cadavre a \u00e9t\u00e9 d\u00e9couvert par sa famille alors qu\u2019il \u00e9tait pendu \u00e0 une corde accroch\u00e9e au plafond.<\/span><\/p>\n<p class=\"p1\"><span class=\"s1\">Le matin de ce m\u00eame jour du vendredi, \u00e0 Larache, un jeune homme de vingt-trois ans a mis fin \u00e0 ses jours de la m\u00eame mani\u00e8re chez lui, au quartier Annahda II. En se r\u00e9veillant, les membres de sa famille l\u2019ont trouv\u00e9 corps sans vie. Son cadavre a \u00e9t\u00e9 gard\u00e9 \u00e0 la morgue de l\u2019h\u00f4pital Lalla Meriem, \u00e0 Larache, afin d\u2019\u00eatre autopsi\u00e9.<\/span><\/p>\n<p class=\"p1\"><span class=\"s1\">Deux autres cas de tentative de suicide ont eu lieu, la nuit du jeudi au vendredi, \u00e0 Larache. Il s\u2019agit de deux jeunes qui se sont jet\u00e9s dans l\u2019air depuis les fen\u00eatres de leurs appartements situ\u00e9s aux quartiers Kilito<\/span><\/p>\n<p class=\"p1\"><span class=\"s1\">et Al Manar I.<\/span><\/p>\n<\/div>\n<p>Auteur: Abderrafii ALOUMLIKI<br \/>\n<a href=\"http:\/\/aujourdhui.ma\/faits-divers\/en-une-journee-trois-personnes-se-donnent-la-mort-et-deux-tentent-de-le-faire\">Cliquez ici pour lire l&rsquo;article depuis sa source.<\/a><\/p>\n","protected":false},"excerpt":{"rendered":"<p>Pour des causes encore ind\u00e9termin\u00e9es, une m\u00e8re de trois enfants, \u00e2g\u00e9e de quarante-quatre ans, demeurant dans la p\u00e9riph\u00e9rie de la ville d\u2019Ouezzane, a mis fin \u00e0 sa vie, vendredi soir, en ingurgitant du raticide. Rapidement, cette quadrag\u00e9naire a \u00e9t\u00e9 \u00e9vacu\u00e9e de chez elle dans une ambulance en direction de l\u2019h\u00f4pital Dar Dmana, mais elle a [&hellip;]<\/p>\n","protected":false},"author":1759,"featured_media":0,"comment_status":"closed","ping_status":"closed","sticky":false,"template":"","format":"standard","meta":{"fifu_image_url":"","fifu_image_alt":"","footnotes":""},"categories":[73,54],"tags":[],"class_list":["post-66867","post","type-post","status-publish","format-standard","hentry","category-actualite","category-maroc"],"_links":{"self":[{"href":"https:\/\/linitiative.ca\/International\/wp-json\/wp\/v2\/posts\/66867","targetHints":{"allow":["GET"]}}],"collection":[{"href":"https:\/\/linitiative.ca\/International\/wp-json\/wp\/v2\/posts"}],"about":[{"href":"https:\/\/linitiative.ca\/International\/wp-json\/wp\/v2\/types\/post"}],"author":[{"embeddable":true,"href":"https:\/\/linitiative.ca\/International\/wp-json\/wp\/v2\/users\/1759"}],"replies":[{"embeddable":true,"href":"https:\/\/linitiative.ca\/International\/wp-json\/wp\/v2\/comments?post=66867"}],"version-history":[{"count":0,"href":"https:\/\/linitiative.ca\/International\/wp-json\/wp\/v2\/posts\/66867\/revisions"}],"wp:attachment":[{"href":"https:\/\/linitiative.ca\/International\/wp-json\/wp\/v2\/media?parent=66867"}],"wp:term":[{"taxonomy":"category","embeddable":true,"href":"https:\/\/linitiative.ca\/International\/wp-json\/wp\/v2\/categories?post=66867"},{"taxonomy":"post_tag","embeddable":true,"href":"https:\/\/linitiative.ca\/International\/wp-json\/wp\/v2\/tags?post=66867"}],"curies":[{"name":"wp","href":"https:\/\/api.w.org\/{rel}","templated":true}]}}