{"id":66870,"date":"2019-11-08T05:24:32","date_gmt":"2019-11-08T10:24:32","guid":{"rendered":"https:\/\/linitiative.ca\/International\/la-voie-ferree-a-agadir-un-bonheur\/"},"modified":"2019-11-08T05:24:32","modified_gmt":"2019-11-08T10:24:32","slug":"la-voie-ferree-a-agadir-un-bonheur","status":"publish","type":"post","link":"https:\/\/linitiative.ca\/International\/la-voie-ferree-a-agadir-un-bonheur\/","title":{"rendered":"La voie ferr\u00e9e \u00e0 Agadir, un bonheur!"},"content":{"rendered":"<p class=\"has-text-color has-vivid-cyan-blue-color\"><strong>Enfin, \u00abon entendra siffler le train !\u00bb, pour parapher le fameux refrain des ann\u00e9es soixante du chanteur fran\u00e7ais, Richard Anthony.<\/strong><\/p>\n<p>La voir ferr\u00e9e, tant attendue dans la capitale du Souss et ardemment d\u00e9sir\u00e9e, sur ces m\u00eames colonnes, verrait le jour.La plus Haute Autorit\u00e9 du pays vient combler ce souhait, \u00e0 la grande satisfaction de ce bout terre du royaume. Oui, cela prendra encore quelques ann\u00e9es avant qu\u2019il ne soit pleinement exauc\u00e9. Mais, l\u2019annonce du Souverain, lors du r\u00e9cent discours de ce\u00a044<sup>e<\/sup> anniversaire de la marche verte, \u00e9tait si solennelle et d\u00e9cisive qu\u2019on \u00abentend d\u00e9j\u00e0 siffler le train\u00a0!\u00bb sur les quais de la gare.<\/p>\n<p>\u00abMieux vaut tard que jamais\u00a0!\u00bb, dirait-on pour une m\u00e9tropole dont les gros chantiers mettent du temps \u00e0 se d\u00e9cider. Mieux encore, le Monarque proclamait la station baln\u00e9aire comme \u00e9tant, non plus une contr\u00e9e au sud, mais un carrefour situ\u00e9 au pratiquement c\u0153ur, assurant d\u00e9sormais, le relai entre le nord et le sud de la nation. Un constat Royal qui, au-del\u00e0 de la pr\u00e9cision g\u00e9ographique qu\u2019il portait, mit en valeur une position strat\u00e9gique, longtemps mise sous l\u2019\u00e9teignoir, en termes d\u2019int\u00e9r\u00eat public. Un rappel \u00e0 l\u2019ordre Royal \u00e9galement qui laisse entendre que dor\u00e9navant, le Souss aurait tout le focus qu\u2019il m\u00e9ritait.<\/p>\n<p>La notification Royale n\u2019\u00e9tait pas un fait fortuit, dans la mesure o\u00f9 elle fut ipso facto accompagn\u00e9e de cette \u00e9norme perspective ferroviaire dont les retomb\u00e9es positives auraient secou\u00e9 la dynamique de la r\u00e9gion,\u00a0 d\u00e9j\u00e0 mise en marche. Cette r\u00e9alit\u00e9 qu\u2019on eut jamais eu de cesse d\u2019envoyer dans les gencives des sceptiques avec tant d\u2019espoir, cette embellie qui commence \u00e0 couvrir une ville laiss\u00e9e pour compte, \u00e0 l\u2019instar de ses homologues, comme Tanger, Marrakech ou encore Rabat, Casablanca\u2026Compte tenu de cette diligence Royale, on aurait toute la convenance de croire que cette bienveillance Royale ne ferait que d\u00e9buter \u00e0 l\u2019\u00e9gard de cette r\u00e9gion m\u00e9ritoire et que l\u2019app\u00e9tit de ses populations ne ferait que s\u2019entreb\u00e2iller.<\/p>\n<p>\u00abIl est anormal que la r\u00e9gion Souss Massa soit \u00e0 l\u2019\u00e9cart du d\u00e9veloppement pluriel !\u00bb, disait le Souverain, bl\u00e2mant ainsi un long gel des investissements publics, en d\u00e9pit du potentiel grandiloquent dont elle regorge sur tous les plans. C\u2019est ce qu\u2019on avait constamment vocif\u00e9r\u00e9 sur tous les toits, d\u2019autant plus que la dynamique \u00a0r\u00e9gionale, d\u00e9clench\u00e9e ces tout derniers temps, for\u00e7ait l\u2019intervention Royale dont le d\u00e9nouement ne se fait pas attendre.<\/p>\n<p>Un geste paternel qui, en fin de compte, que stimuler davantage les initiatives de la r\u00e9gion qui ne saurait, en revanche, d\u00e9cevoir, ce regain de cause Royal. Merci sire!<\/p>\n<p>Auteur: M&rsquo;hammed rahal<br \/>\n<a href=\"http:\/\/albayane.press.ma\/la-voie-ferree-a-agadir-un-bonheur.html\">Cliquez ici pour lire l&rsquo;article depuis sa source.<\/a><\/p>\n","protected":false},"excerpt":{"rendered":"<p>Enfin, \u00abon entendra siffler le train !\u00bb, pour parapher le fameux refrain des ann\u00e9es soixante du chanteur fran\u00e7ais, Richard Anthony. La voir ferr\u00e9e, tant attendue dans la capitale du Souss et ardemment d\u00e9sir\u00e9e, sur ces m\u00eames colonnes, verrait le jour.La plus Haute Autorit\u00e9 du pays vient combler ce souhait, \u00e0 la grande satisfaction de ce [&hellip;]<\/p>\n","protected":false},"author":1760,"featured_media":0,"comment_status":"closed","ping_status":"closed","sticky":false,"template":"","format":"standard","meta":{"fifu_image_url":"","fifu_image_alt":"","footnotes":""},"categories":[73,54],"tags":[],"class_list":["post-66870","post","type-post","status-publish","format-standard","hentry","category-actualite","category-maroc"],"_links":{"self":[{"href":"https:\/\/linitiative.ca\/International\/wp-json\/wp\/v2\/posts\/66870","targetHints":{"allow":["GET"]}}],"collection":[{"href":"https:\/\/linitiative.ca\/International\/wp-json\/wp\/v2\/posts"}],"about":[{"href":"https:\/\/linitiative.ca\/International\/wp-json\/wp\/v2\/types\/post"}],"author":[{"embeddable":true,"href":"https:\/\/linitiative.ca\/International\/wp-json\/wp\/v2\/users\/1760"}],"replies":[{"embeddable":true,"href":"https:\/\/linitiative.ca\/International\/wp-json\/wp\/v2\/comments?post=66870"}],"version-history":[{"count":0,"href":"https:\/\/linitiative.ca\/International\/wp-json\/wp\/v2\/posts\/66870\/revisions"}],"wp:attachment":[{"href":"https:\/\/linitiative.ca\/International\/wp-json\/wp\/v2\/media?parent=66870"}],"wp:term":[{"taxonomy":"category","embeddable":true,"href":"https:\/\/linitiative.ca\/International\/wp-json\/wp\/v2\/categories?post=66870"},{"taxonomy":"post_tag","embeddable":true,"href":"https:\/\/linitiative.ca\/International\/wp-json\/wp\/v2\/tags?post=66870"}],"curies":[{"name":"wp","href":"https:\/\/api.w.org\/{rel}","templated":true}]}}