{"id":66871,"date":"2019-11-08T05:38:23","date_gmt":"2019-11-08T10:38:23","guid":{"rendered":"https:\/\/linitiative.ca\/International\/arrivee-au-maroc-divanka-trump-conseillere-du-president-americain\/"},"modified":"2019-11-08T05:38:23","modified_gmt":"2019-11-08T10:38:23","slug":"arrivee-au-maroc-divanka-trump-conseillere-du-president-americain","status":"publish","type":"post","link":"https:\/\/linitiative.ca\/International\/arrivee-au-maroc-divanka-trump-conseillere-du-president-americain\/","title":{"rendered":"Arriv\u00e9e au Maroc d\u2019Ivanka Trump, conseill\u00e8re du pr\u00e9sident am\u00e9ricain"},"content":{"rendered":"<p class=\"has-text-color has-vivid-cyan-blue-color\"><strong>Mme Ivanka Trump, conseill\u00e8re du pr\u00e9sident am\u00e9ricain, Donald Trump, est arriv\u00e9e mercredi \u00e0 l\u2019a\u00e9roport de Rabat-Sal\u00e9 pour une visite au Maroc.<\/strong><\/p>\n<p>A son arriv\u00e9e \u00e0 l\u2019a\u00e9roport, Mme Ivanka Trump a \u00e9t\u00e9 accueillie par Son Altesse Royale la Princesse Lalla Meryem.<\/p>\n<p>Mme Ivanka Trump a \u00e9t\u00e9 salu\u00e9e ensuite par le ministre des affaires \u00e9trang\u00e8res, de la coop\u00e9ration africaine et des Marocains r\u00e9sidant \u00e0 l\u2019\u00e9tranger, Nasser Bourita et le charg\u00e9 d\u2019affaires pr\u00e8s l\u2019ambassade des Etats-Unis \u00e0 Rabat, David Greene, ainsi que par d\u2019autres personnalit\u00e9s.<\/p>\n<p>La visite de Mme Trump porte notamment sur la promotion de son Initiative de d\u00e9veloppement \u00e9conomique des femmes (Women\u2019s Global Development and Prosperity (W-GDP). L\u2019Initiative mondiale de d\u00e9veloppement et de prosp\u00e9rit\u00e9 des femmes (W-GDP) est un programme port\u00e9 par Mme Ivanka Trump avec pour ambition d\u2019aider \u00e0 l\u2019\u00e9mancipation \u00e9conomique de 50 millions de femmes d\u2019ici 2025.<\/p>\n<p>Mme Ivanka Trump effectuera une visite \u00e0 Sidi Kacem et aura \u00e9galement des rencontres avec des responsables marocains \u00e0 Rabat et Casablanca.<\/p>\n<p>Selon la Maison Blanche, il s\u2019agit du troisi\u00e8me voyage international que Mme Trump a consacr\u00e9 \u00e0 la promotion de son initiative W-GDP, avec des d\u00e9placements pr\u00e9c\u00e9dents, notamment en \u00c9thiopie, en C\u00f4te d\u2019Ivoire, en Colombie, en Argentine et au Paraguay.<\/p>\n<p>Auteur: M&rsquo;hammed rahal<br \/>\n<a href=\"http:\/\/albayane.press.ma\/arrivee-au-maroc-divanka-trump-conseillere-du-president-americain.html\">Cliquez ici pour lire l&rsquo;article depuis sa source.<\/a><\/p>\n","protected":false},"excerpt":{"rendered":"<p>Mme Ivanka Trump, conseill\u00e8re du pr\u00e9sident am\u00e9ricain, Donald Trump, est arriv\u00e9e mercredi \u00e0 l\u2019a\u00e9roport de Rabat-Sal\u00e9 pour une visite au Maroc. A son arriv\u00e9e \u00e0 l\u2019a\u00e9roport, Mme Ivanka Trump a \u00e9t\u00e9 accueillie par Son Altesse Royale la Princesse Lalla Meryem. Mme Ivanka Trump a \u00e9t\u00e9 salu\u00e9e ensuite par le ministre des affaires \u00e9trang\u00e8res, de la [&hellip;]<\/p>\n","protected":false},"author":1760,"featured_media":0,"comment_status":"closed","ping_status":"closed","sticky":false,"template":"","format":"standard","meta":{"fifu_image_url":"","fifu_image_alt":"","footnotes":""},"categories":[73,54],"tags":[],"class_list":["post-66871","post","type-post","status-publish","format-standard","hentry","category-actualite","category-maroc"],"_links":{"self":[{"href":"https:\/\/linitiative.ca\/International\/wp-json\/wp\/v2\/posts\/66871","targetHints":{"allow":["GET"]}}],"collection":[{"href":"https:\/\/linitiative.ca\/International\/wp-json\/wp\/v2\/posts"}],"about":[{"href":"https:\/\/linitiative.ca\/International\/wp-json\/wp\/v2\/types\/post"}],"author":[{"embeddable":true,"href":"https:\/\/linitiative.ca\/International\/wp-json\/wp\/v2\/users\/1760"}],"replies":[{"embeddable":true,"href":"https:\/\/linitiative.ca\/International\/wp-json\/wp\/v2\/comments?post=66871"}],"version-history":[{"count":0,"href":"https:\/\/linitiative.ca\/International\/wp-json\/wp\/v2\/posts\/66871\/revisions"}],"wp:attachment":[{"href":"https:\/\/linitiative.ca\/International\/wp-json\/wp\/v2\/media?parent=66871"}],"wp:term":[{"taxonomy":"category","embeddable":true,"href":"https:\/\/linitiative.ca\/International\/wp-json\/wp\/v2\/categories?post=66871"},{"taxonomy":"post_tag","embeddable":true,"href":"https:\/\/linitiative.ca\/International\/wp-json\/wp\/v2\/tags?post=66871"}],"curies":[{"name":"wp","href":"https:\/\/api.w.org\/{rel}","templated":true}]}}