{"id":66872,"date":"2019-11-08T05:48:06","date_gmt":"2019-11-08T10:48:06","guid":{"rendered":"https:\/\/linitiative.ca\/International\/encourager-linvestissement-dans-lagriculture-climato-intelligente\/"},"modified":"2019-11-08T05:48:06","modified_gmt":"2019-11-08T10:48:06","slug":"encourager-linvestissement-dans-lagriculture-climato-intelligente","status":"publish","type":"post","link":"https:\/\/linitiative.ca\/International\/encourager-linvestissement-dans-lagriculture-climato-intelligente\/","title":{"rendered":"Encourager l\u2019investissement dans l\u2019Agriculture Climato-Intelligente"},"content":{"rendered":"<p class=\"has-text-color has-vivid-red-color c2\"><strong>2\u00e8me Conf\u00e9rence minist\u00e9rielle annuelle de l\u2019Initiative Adaptation de l\u2019Agriculture Africaine<\/strong><\/p>\n<p class=\"has-text-color has-vivid-cyan-blue-color\"><strong>Les ministres de l\u2019Agriculture et repr\u00e9sentants des Organisations et Institutions de financement internationales et r\u00e9gionales r\u00e9unis, \u00e0 Bengu\u00e9rir, \u00e0 l\u2019occasion de la 2\u00e8me Conf\u00e9rence minist\u00e9rielle annuelle de l\u2019Initiative Adaptation de l\u2019Agriculture Africaine (AAA), ont encourag\u00e9 la Fondation AAA \u00ab\u00e0 poursuivre et \u00e0 \u00e9largir son accompagnement des pays pour la formulation des Plans Nationaux d\u2019Investissements dans l\u2019Agriculture Climato-Intelligente\u00bb.<\/strong><\/p>\n<p>Dans leur D\u00e9claration ayant sanctionn\u00e9 les travaux de ladite Conf\u00e9rence tenue \u00e0 l\u2019Universit\u00e9 Mohammed VI Polytechnique (UM6P) sous le th\u00e8me \u00abLa s\u00e9curit\u00e9 alimentaire face au changement climatique\u00bb, ils ont invit\u00e9 les institutions de financement partenaires \u00ab\u00e0 soutenir cet effort et \u00e0 contribuer au financement de la mise en \u0153uvre de ces Plans dans le cadre des strat\u00e9gies nationales de d\u00e9veloppement agricole, notamment \u00e0 travers le partenariat strat\u00e9gique entre l\u2019Initiative d\u2019Adaptation de l\u2019Afrique (AAI) et l\u2019Initiative AAA, particuli\u00e8rement l\u2019av\u00e8nement du Programme panafricain d\u2019acc\u00e8s au financement climat en cours avec le Fonds Vert pour le Climat\u00bb.<\/p>\n<p>Ils se sont aussi mis d\u2019accord pour \u00abrenforcer la recherche et l\u2019innovation agricoles et soutenir une recherche agricole pour le d\u00e9veloppement, ax\u00e9e sur l\u2019adaptation de l\u2019agriculture via nos syst\u00e8mes nationaux de recherche agricole et en y associant les Centres Internationaux du Consortium du Groupe Consultatif pour la Recherche Agricole Internationale CGIAR\u00bb.<\/p>\n<p>Ils ont, en outre, insist\u00e9 sur \u00abla n\u00e9cessit\u00e9 d\u2019am\u00e9liorer le transfert de technologie aux agriculteurs afin de s\u2019assurer que les activit\u00e9s de recherche r\u00e9pondent \u00e0 leurs besoins et \u00e0 leurs pr\u00e9occupations face aux d\u00e9fis du changement climatique\u00bb.<\/p>\n<p>\u00abNous invitons la Fondation AAA \u00e0 favoriser et \u00e0 appuyer les transferts de technologie, le partage des connaissances et le renforcement de capacit\u00e9s en particulier gr\u00e2ce \u00e0 des coop\u00e9rations Sud-Sud et triangulaires\u00bb, ont-ils lanc\u00e9.<\/p>\n<p>Dans cette D\u00e9claration, les ministres de l\u2019Agriculture et repr\u00e9sentants des Organisations et Institutions de financement internationales et r\u00e9gionales ont, d\u2019autre part, soulign\u00e9 avoir accueilli \u00abavec satisfaction l\u2019institutionnalisation de l\u2019initiative AAA, \u00e0 travers la Fondation AAA\u00bb et salu\u00e9 \u00ables progr\u00e8s significatifs r\u00e9alis\u00e9s dans la mise en \u0153uvre de ses actions de plaidoyer dans les instances internationales et continentales en tant que cadre de r\u00e9f\u00e9rence continentale pour l\u2019adaptation de l\u2019agriculture Africaine\u00bb.<\/p>\n<p>Auteur: M&rsquo;hammed rahal<br \/>\n<a href=\"http:\/\/albayane.press.ma\/encourager-linvestissement-dans-lagriculture-climato-intelligente.html\">Cliquez ici pour lire l&rsquo;article depuis sa source.<\/a><\/p>\n","protected":false},"excerpt":{"rendered":"<p>2\u00e8me Conf\u00e9rence minist\u00e9rielle annuelle de l\u2019Initiative Adaptation de l\u2019Agriculture Africaine Les ministres de l\u2019Agriculture et repr\u00e9sentants des Organisations et Institutions de financement internationales et r\u00e9gionales r\u00e9unis, \u00e0 Bengu\u00e9rir, \u00e0 l\u2019occasion de la 2\u00e8me Conf\u00e9rence minist\u00e9rielle annuelle de l\u2019Initiative Adaptation de l\u2019Agriculture Africaine (AAA), ont encourag\u00e9 la Fondation AAA \u00ab\u00e0 poursuivre et \u00e0 \u00e9largir son accompagnement [&hellip;]<\/p>\n","protected":false},"author":1760,"featured_media":0,"comment_status":"closed","ping_status":"closed","sticky":false,"template":"","format":"standard","meta":{"fifu_image_url":"","fifu_image_alt":"","footnotes":""},"categories":[73,54],"tags":[],"class_list":["post-66872","post","type-post","status-publish","format-standard","hentry","category-actualite","category-maroc"],"_links":{"self":[{"href":"https:\/\/linitiative.ca\/International\/wp-json\/wp\/v2\/posts\/66872","targetHints":{"allow":["GET"]}}],"collection":[{"href":"https:\/\/linitiative.ca\/International\/wp-json\/wp\/v2\/posts"}],"about":[{"href":"https:\/\/linitiative.ca\/International\/wp-json\/wp\/v2\/types\/post"}],"author":[{"embeddable":true,"href":"https:\/\/linitiative.ca\/International\/wp-json\/wp\/v2\/users\/1760"}],"replies":[{"embeddable":true,"href":"https:\/\/linitiative.ca\/International\/wp-json\/wp\/v2\/comments?post=66872"}],"version-history":[{"count":0,"href":"https:\/\/linitiative.ca\/International\/wp-json\/wp\/v2\/posts\/66872\/revisions"}],"wp:attachment":[{"href":"https:\/\/linitiative.ca\/International\/wp-json\/wp\/v2\/media?parent=66872"}],"wp:term":[{"taxonomy":"category","embeddable":true,"href":"https:\/\/linitiative.ca\/International\/wp-json\/wp\/v2\/categories?post=66872"},{"taxonomy":"post_tag","embeddable":true,"href":"https:\/\/linitiative.ca\/International\/wp-json\/wp\/v2\/tags?post=66872"}],"curies":[{"name":"wp","href":"https:\/\/api.w.org\/{rel}","templated":true}]}}