{"id":66876,"date":"2019-11-08T13:04:32","date_gmt":"2019-11-08T18:04:32","guid":{"rendered":"https:\/\/linitiative.ca\/International\/fica-projection-lundi-en-avant-premiere-du-film-la-fausse-saison\/"},"modified":"2019-11-08T13:04:32","modified_gmt":"2019-11-08T18:04:32","slug":"fica-projection-lundi-en-avant-premiere-du-film-la-fausse-saison","status":"publish","type":"post","link":"https:\/\/linitiative.ca\/International\/fica-projection-lundi-en-avant-premiere-du-film-la-fausse-saison\/","title":{"rendered":"\u00a0FICA: projection lundi en avant-premi\u00e8re du film \u00ab\u00a0La fausse saison\u00a0\u00bb"},"content":{"rendered":"<div readability=\"38\">\n<p><strong>TIZI-OUZOU &#8211; Le film \u00ab\u00a0La fausse saison\u00a0\u00bb du r\u00e9alisateur Embarek Menad, un court-m\u00e9trage traitant du ph\u00e9nom\u00e8ne de la violence dans la soci\u00e9t\u00e9, sera projet\u00e9 lundi prochain en avant-premi\u00e8re dans le cadre de la 10\u00e8me \u00e9dition du Festival international du film d&rsquo;Alger (FICA) qui s&rsquo;est ouvert vendredi \u00e0 la salle Ibn Zeydoun, a-t-on appris vendredi du r\u00e9alisateur.<\/strong><\/p>\n<\/div>\n<div readability=\"75\">\n<p>La trame de l&rsquo;opus de 17 minutes se d\u00e9roule dans un quartier populaire de la banlieue d&rsquo;Alger durant la d\u00e9cennie 1990, exactement, le jour de l&rsquo;assassinat du journaliste-\u00e9crivain Tahar Djaout, le 26 mai 1993. Elle met en sc\u00e8ne l&rsquo;histoire d&rsquo;une jeune recrue des groupes terroristes (Djamel), choisi par ses \u00ab\u00a0fr\u00e8res\u00a0\u00bb pour perp\u00e9trer un attentat contre un chanteur de cabaret, (Aziz) qui est son voisin, pour prouver sa \u00ab\u00a0loyaut\u00e9 \u00e0 la cause\u00a0\u00bb, mais qui sera neutralis\u00e9 au moment de l&rsquo;action par le surgissement d'\u00a0\u00bbun instant\u00a0\u00bb de sa vie pass\u00e9e.<\/p>\n<p>Ag\u00e9 d&rsquo;\u00e0 peine 20 ans, il n&rsquo;a d&rsquo;autre d\u00e9sir que de donner un sens \u00e0 sa vie.<\/p>\n<blockquote readability=\"7\">\n<p><em><strong>La pr\u00e9carit\u00e9 sociale de sa famille et sa vuln\u00e9rabilit\u00e9 sur le plan affectif en font une proie facile des discours jihadistes enflamm\u00e9s lui offrant la conviction d&rsquo;\u00eatre du c\u00f4t\u00e9 des \u00ab\u00a0justes\u00a0\u00bb et de la \u00ab\u00a0v\u00e9rit\u00e9\u00a0\u00bb.<\/strong><\/em><\/p>\n<\/blockquote>\n<p>L&rsquo;attentat devait avoir lieu le jour m\u00eame o\u00f9 l&rsquo;\u00e9crivain-journaliste Tahar Djao\u00fbt a \u00e9t\u00e9 assassin\u00e9, mais le vol d&rsquo;un pigeon bouleverse le cours des \u00e9v\u00e8nements. Djamel, issu d&rsquo;un quartier populaire, amoureux des oiseaux, secou\u00e9 par cette irruption, renonce \u00e0 mettre fin \u00e0 la vie de ce \u00ab\u00a0d\u00e9vergond\u00e9\u00a0\u00bb voisin.<\/p>\n<blockquote readability=\"15\">\n<p><em><strong>Pour le r\u00e9alisateur, \u00e9galement auteur du sc\u00e9nario du film, derri\u00e8re le tout, il y a l&rsquo;Homme. \u00ab\u00a0Tout homme a besoin d&rsquo;une cause pour affirmer ses convictions et toute cause peut transfigurer l&rsquo;Homme\u00a0\u00bb, a-t-il soutenu, soulignant vouloir, \u00e0 travers cette production, \u00ab\u00a0attenter au clich\u00e9 du +terrorisme bien ficel\u00e9+\u00a0\u00bb.<\/strong><\/em><\/p>\n<\/blockquote>\n<p>\u00ab\u00a0On ne na\u00eet pas tueur et, en chacun de nous, peut sommeiller un monstre qui peut surgir \u00e0 tout moment. Un monstre qu&rsquo;on peut aussi tuer\u00a0\u00bb a-t-il observ\u00e9.<\/p>\n<p>Interpr\u00e9t\u00e9 par de jeunes acteurs, dont Oussama Boudechiche, qui campe le r\u00f4le de Djamel et dont c&rsquo;est la premi\u00e8re exp\u00e9rience cin\u00e9matographique, le film est produit par une boite priv\u00e9e avec le soutien du minist\u00e8re de la Culture.<\/p>\n<\/div>\n<p>Auteur:<br \/>\n<a href=\"http:\/\/www.aps.dz\/culture\/97148-fica-projection-lundi-en-avant-premiere-du-film-la-fausse-saison\">Cliquez ici pour lire l&rsquo;article depuis sa source.<\/a><\/p>\n","protected":false},"excerpt":{"rendered":"<p>TIZI-OUZOU &#8211; Le film \u00ab\u00a0La fausse saison\u00a0\u00bb du r\u00e9alisateur Embarek Menad, un court-m\u00e9trage traitant du ph\u00e9nom\u00e8ne de la violence dans la soci\u00e9t\u00e9, sera projet\u00e9 lundi prochain en avant-premi\u00e8re dans le cadre de la 10\u00e8me \u00e9dition du Festival international du film d&rsquo;Alger (FICA) qui s&rsquo;est ouvert vendredi \u00e0 la salle Ibn Zeydoun, a-t-on appris vendredi du [&hellip;]<\/p>\n","protected":false},"author":1790,"featured_media":0,"comment_status":"closed","ping_status":"closed","sticky":false,"template":"","format":"standard","meta":{"fifu_image_url":"","fifu_image_alt":"","footnotes":""},"categories":[53,79],"tags":[],"class_list":["post-66876","post","type-post","status-publish","format-standard","hentry","category-algerie","category-culture"],"_links":{"self":[{"href":"https:\/\/linitiative.ca\/International\/wp-json\/wp\/v2\/posts\/66876","targetHints":{"allow":["GET"]}}],"collection":[{"href":"https:\/\/linitiative.ca\/International\/wp-json\/wp\/v2\/posts"}],"about":[{"href":"https:\/\/linitiative.ca\/International\/wp-json\/wp\/v2\/types\/post"}],"author":[{"embeddable":true,"href":"https:\/\/linitiative.ca\/International\/wp-json\/wp\/v2\/users\/1790"}],"replies":[{"embeddable":true,"href":"https:\/\/linitiative.ca\/International\/wp-json\/wp\/v2\/comments?post=66876"}],"version-history":[{"count":0,"href":"https:\/\/linitiative.ca\/International\/wp-json\/wp\/v2\/posts\/66876\/revisions"}],"wp:attachment":[{"href":"https:\/\/linitiative.ca\/International\/wp-json\/wp\/v2\/media?parent=66876"}],"wp:term":[{"taxonomy":"category","embeddable":true,"href":"https:\/\/linitiative.ca\/International\/wp-json\/wp\/v2\/categories?post=66876"},{"taxonomy":"post_tag","embeddable":true,"href":"https:\/\/linitiative.ca\/International\/wp-json\/wp\/v2\/tags?post=66876"}],"curies":[{"name":"wp","href":"https:\/\/api.w.org\/{rel}","templated":true}]}}