{"id":66878,"date":"2019-11-08T06:00:00","date_gmt":"2019-11-08T11:00:00","guid":{"rendered":"https:\/\/linitiative.ca\/International\/pluies-orageuses-sur-plusieurs-wilayas-du-pays\/"},"modified":"2019-11-08T06:00:00","modified_gmt":"2019-11-08T11:00:00","slug":"pluies-orageuses-sur-plusieurs-wilayas-du-pays","status":"publish","type":"post","link":"https:\/\/linitiative.ca\/International\/pluies-orageuses-sur-plusieurs-wilayas-du-pays\/","title":{"rendered":"Pluies orageuses sur plusieurs wilayas du pays"},"content":{"rendered":"<div id=\"originalText\" readability=\"64\">\n<p>De fr\u00e9quentes averses de pluie et\/ou de gr\u00eale parfois orageuses affecteront, \u00e0 partir de ce vendredi, plusieurs wilayas du nord, a annonc\u00e9 l\u2019Office national de m\u00e9t\u00e9orologie dans un bulletin m\u00e9t\u00e9orologique sp\u00e9cial (BMS).<\/p>\n<p>Les pluies affecteront les wilayas de Mostaganem, Relizane, Chlef, Tissemsilt, Ain Defla, Tipaza, Alger, Blida, M\u00e9d\u00e9a, Boumerdes, Tizi Ouzou et Bouira, ce vendredi de 06h00 \u00e0 18h00, avec des cumuls qui devraient atteindre entre 20 et 30 mm, a pr\u00e9cis\u00e9 la m\u00eame source.<\/p>\n<p>Quant aux wilayas de B\u00e9jaia, Jijel, Skikda, Annaba et El Tarf, des pluies accompagn\u00e9es de fortes rafales de vent sous orages, s&rsquo;\u00e9taleront jusqu&rsquo;\u00e0\u00a0 samedi, a-t-on ajout\u00e9 en pr\u00e9cisant que les cumuls estim\u00e9s seront entre 30 et 50 mm.<\/p>\n<p class=\"c6\"><strong>R.W<\/strong><\/p>\n<\/div>\n<div id=\"text_core\" readability=\"64\">\n<p>De fr\u00e9quentes averses de pluie et\/ou de gr\u00eale parfois orageuses affecteront, \u00e0 partir de ce vendredi, plusieurs wilayas du nord, a annonc\u00e9 l\u2019Office national de m\u00e9t\u00e9orologie dans un bulletin m\u00e9t\u00e9orologique sp\u00e9cial (BMS).<\/p>\n<p>Les pluies affecteront les wilayas de Mostaganem, Relizane, Chlef, Tissemsilt, Ain Defla, Tipaza, Alger, Blida, M\u00e9d\u00e9a, Boumerdes, Tizi Ouzou et Bouira, ce vendredi de 06h00 \u00e0 18h00, avec des cumuls qui devraient atteindre entre 20 et 30 mm, a pr\u00e9cis\u00e9 la m\u00eame source.<\/p>\n<p>Quant aux wilayas de B\u00e9jaia, Jijel, Skikda, Annaba et El Tarf, des pluies accompagn\u00e9es de fortes rafales de vent sous orages, s&rsquo;\u00e9taleront jusqu&rsquo;\u00e0\u00a0 samedi, a-t-on ajout\u00e9 en pr\u00e9cisant que les cumuls estim\u00e9s seront entre 30 et 50 mm.<\/p>\n<p class=\"c6\"><strong>R.W<\/strong><\/p>\n<\/div>\n<p>Auteur:<br \/>\n<a href=\"https:\/\/www.liberte-algerie.com\/actualite\/pluies-orageuses-sur-plusieurs-wilayas-du-pays-327604\">Cliquez ici pour lire l&rsquo;article depuis sa source.<\/a><\/p>\n","protected":false},"excerpt":{"rendered":"<p>De fr\u00e9quentes averses de pluie et\/ou de gr\u00eale parfois orageuses affecteront, \u00e0 partir de ce vendredi, plusieurs wilayas du nord, a annonc\u00e9 l\u2019Office national de m\u00e9t\u00e9orologie dans un bulletin m\u00e9t\u00e9orologique sp\u00e9cial (BMS). Les pluies affecteront les wilayas de Mostaganem, Relizane, Chlef, Tissemsilt, Ain Defla, Tipaza, Alger, Blida, M\u00e9d\u00e9a, Boumerdes, Tizi Ouzou et Bouira, ce vendredi [&hellip;]<\/p>\n","protected":false},"author":1742,"featured_media":0,"comment_status":"closed","ping_status":"closed","sticky":false,"template":"","format":"standard","meta":{"fifu_image_url":"","fifu_image_alt":"","footnotes":""},"categories":[73,53],"tags":[],"class_list":["post-66878","post","type-post","status-publish","format-standard","hentry","category-actualite","category-algerie"],"_links":{"self":[{"href":"https:\/\/linitiative.ca\/International\/wp-json\/wp\/v2\/posts\/66878","targetHints":{"allow":["GET"]}}],"collection":[{"href":"https:\/\/linitiative.ca\/International\/wp-json\/wp\/v2\/posts"}],"about":[{"href":"https:\/\/linitiative.ca\/International\/wp-json\/wp\/v2\/types\/post"}],"author":[{"embeddable":true,"href":"https:\/\/linitiative.ca\/International\/wp-json\/wp\/v2\/users\/1742"}],"replies":[{"embeddable":true,"href":"https:\/\/linitiative.ca\/International\/wp-json\/wp\/v2\/comments?post=66878"}],"version-history":[{"count":0,"href":"https:\/\/linitiative.ca\/International\/wp-json\/wp\/v2\/posts\/66878\/revisions"}],"wp:attachment":[{"href":"https:\/\/linitiative.ca\/International\/wp-json\/wp\/v2\/media?parent=66878"}],"wp:term":[{"taxonomy":"category","embeddable":true,"href":"https:\/\/linitiative.ca\/International\/wp-json\/wp\/v2\/categories?post=66878"},{"taxonomy":"post_tag","embeddable":true,"href":"https:\/\/linitiative.ca\/International\/wp-json\/wp\/v2\/tags?post=66878"}],"curies":[{"name":"wp","href":"https:\/\/api.w.org\/{rel}","templated":true}]}}