{"id":66882,"date":"2019-11-08T09:10:00","date_gmt":"2019-11-08T14:10:00","guid":{"rendered":"https:\/\/linitiative.ca\/International\/les-manifestants-determines-a-aller-jusquau-bout\/"},"modified":"2019-11-08T09:10:00","modified_gmt":"2019-11-08T14:10:00","slug":"les-manifestants-determines-a-aller-jusquau-bout","status":"publish","type":"post","link":"https:\/\/linitiative.ca\/International\/les-manifestants-determines-a-aller-jusquau-bout\/","title":{"rendered":"Les manifestants d\u00e9termin\u00e9s \u00e0 aller jusqu&rsquo;au bout"},"content":{"rendered":"<div id=\"originalText\" readability=\"70\">\n<p>C\u2019est sous la pluie que les manifestants ont, une nouvelle fois, investi les rues de la capitale,\u00a0pour le 38e vendredi de manifestation contre le syst\u00e8me en place.<\/p>\n<p>Les manifestants ont fait montre d\u2019une grande d\u00e9termination, en effet, malgr\u00e9 les averses de pluies, ils se sont rassembl\u00e9s \u00e0 partir de 11h30, munis de leurs parapluies, ils ont scand\u00e9 en ch\u0153ur \u00ab\u00a0had el hirak wajib watani\u00a0\u00bb (ce hirak est un devoir national), comme pour encourager leurs concitoyens \u00e0 rejoindre la marche. \u00a0A midi, le nombre de manifestants a doubl\u00e9 de volume, \u00e0 hauteur de la rue Didouche Mourad, les protestataires ont r\u00e9it\u00e9r\u00e9 leur rejet des \u00e9lections pr\u00e9sidentielles du 12 d\u00e9cembre, \u00ab\u00a0iskat el vote, wajib watani\u00a0\u00bb (annuler le vote est un devoir national).<\/p>\n<p><iframe loading=\"lazy\" allow=\"accelerometer; autoplay; encrypted-media; gyroscope; picture-in-picture\" allowfullscreen=\"\" frameborder=\"0\" height=\"315\" src=\"https:\/\/www.youtube.com\/embed\/l8WUYhJHHK8\" width=\"560\">[embedded content]<\/iframe><\/p>\n<p>En ce d\u00e9but d\u2019apr\u00e8s-midi, des foules venant d\u2019autres quartiers de la capitale d\u00e9ferlent sur l\u2019esplanade de la Grande Poste, \u00ab\u00a0dawla madania machi a\u00e2skaria\u00a0\u00bb (\u00c9tat civil et non militaire) et \u00ab\u00a0la nourid el hokm el a\u00e2skar min djadid\u00a0\u00bb (on ne veut pas d\u2019un pouvoir militaire \u00e0 nouveau), ont \u00e9t\u00e9 les slogans phares de ce 38e vendredi.<\/p>\n<p><iframe loading=\"lazy\" allow=\"accelerometer; autoplay; encrypted-media; gyroscope; picture-in-picture\" allowfullscreen=\"\" frameborder=\"0\" height=\"315\" src=\"https:\/\/www.youtube.com\/embed\/7R5pqmCgxwU\" width=\"560\">[embedded content]<\/iframe><\/p>\n<p>En outre, les manifestants qui ont brandi plusieurs pancartes sur lesquelles on pouvait lire les noms des d\u00e9tenus d\u2019opinion, ont \u00e9galement appel\u00e9 \u00e0 leur lib\u00e9ration, \u00ab\u00a0lib\u00e9rez les otages\u00a0!\u00a0\u00bb ou encore \u00ab\u00a0mes fr\u00e8res n&rsquo;oubliez\u00a0pas les martyrs,\u00a0lib\u00e9rez Bourega\u00e2\u00a0\u00bb, ont-ils entonn\u00e9s.<\/p>\n<p><iframe loading=\"lazy\" allow=\"accelerometer; autoplay; encrypted-media; gyroscope; picture-in-picture\" allowfullscreen=\"\" frameborder=\"0\" height=\"315\" src=\"https:\/\/www.youtube.com\/embed\/N1mijX9xkOo\" width=\"560\">[embedded content]<\/iframe><\/p>\n<p class=\"c6\"><strong>Sihem Benmalek<\/strong><\/p>\n<\/div>\n<div id=\"text_core\" readability=\"70\">\n<p>C\u2019est sous la pluie que les manifestants ont, une nouvelle fois, investi les rues de la capitale,\u00a0pour le 38e vendredi de manifestation contre le syst\u00e8me en place.<\/p>\n<p>Les manifestants ont fait montre d\u2019une grande d\u00e9termination, en effet, malgr\u00e9 les averses de pluies, ils se sont rassembl\u00e9s \u00e0 partir de 11h30, munis de leurs parapluies, ils ont scand\u00e9 en ch\u0153ur \u00ab\u00a0had el hirak wajib watani\u00a0\u00bb (ce hirak est un devoir national), comme pour encourager leurs concitoyens \u00e0 rejoindre la marche. \u00a0A midi, le nombre de manifestants a doubl\u00e9 de volume, \u00e0 hauteur de la rue Didouche Mourad, les protestataires ont r\u00e9it\u00e9r\u00e9 leur rejet des \u00e9lections pr\u00e9sidentielles du 12 d\u00e9cembre, \u00ab\u00a0iskat el vote, wajib watani\u00a0\u00bb (annuler le vote est un devoir national).<\/p>\n<p><iframe loading=\"lazy\" allow=\"accelerometer; autoplay; encrypted-media; gyroscope; picture-in-picture\" allowfullscreen=\"\" frameborder=\"0\" height=\"315\" src=\"https:\/\/www.youtube.com\/embed\/l8WUYhJHHK8\" width=\"560\">[embedded content]<\/iframe><\/p>\n<p>En ce d\u00e9but d\u2019apr\u00e8s-midi, des foules venant d\u2019autres quartiers de la capitale d\u00e9ferlent sur l\u2019esplanade de la Grande Poste, \u00ab\u00a0dawla madania machi a\u00e2skaria\u00a0\u00bb (\u00c9tat civil et non militaire) et \u00ab\u00a0la nourid el hokm el a\u00e2skar min djadid\u00a0\u00bb (on ne veut pas d\u2019un pouvoir militaire \u00e0 nouveau), ont \u00e9t\u00e9 les slogans phares de ce 38e vendredi.<\/p>\n<p><iframe loading=\"lazy\" allow=\"accelerometer; autoplay; encrypted-media; gyroscope; picture-in-picture\" allowfullscreen=\"\" frameborder=\"0\" height=\"315\" src=\"https:\/\/www.youtube.com\/embed\/7R5pqmCgxwU\" width=\"560\">[embedded content]<\/iframe><\/p>\n<p>En outre, les manifestants qui ont brandi plusieurs pancartes sur lesquelles on pouvait lire les noms des d\u00e9tenus d\u2019opinion, ont \u00e9galement appel\u00e9 \u00e0 leur lib\u00e9ration, \u00ab\u00a0lib\u00e9rez les otages\u00a0!\u00a0\u00bb ou encore \u00ab\u00a0mes fr\u00e8res n&rsquo;oubliez\u00a0pas les martyrs,\u00a0lib\u00e9rez Bourega\u00e2\u00a0\u00bb, ont-ils entonn\u00e9s.<\/p>\n<p><iframe loading=\"lazy\" allow=\"accelerometer; autoplay; encrypted-media; gyroscope; picture-in-picture\" allowfullscreen=\"\" frameborder=\"0\" height=\"315\" src=\"https:\/\/www.youtube.com\/embed\/N1mijX9xkOo\" width=\"560\">[embedded content]<\/iframe><\/p>\n<p class=\"c6\"><strong>Sihem Benmalek<\/strong><\/p>\n<\/div>\n<p>Auteur:<br \/>\n<a href=\"https:\/\/www.liberte-algerie.com\/actualite\/les-manifestants-determines-a-aller-jusquau-bout-327605\">Cliquez ici pour lire l&rsquo;article depuis sa source.<\/a><\/p>\n","protected":false},"excerpt":{"rendered":"<p>C\u2019est sous la pluie que les manifestants ont, une nouvelle fois, investi les rues de la capitale,\u00a0pour le 38e vendredi de manifestation contre le syst\u00e8me en place. Les manifestants ont fait montre d\u2019une grande d\u00e9termination, en effet, malgr\u00e9 les averses de pluies, ils se sont rassembl\u00e9s \u00e0 partir de 11h30, munis de leurs parapluies, ils [&hellip;]<\/p>\n","protected":false},"author":1742,"featured_media":0,"comment_status":"closed","ping_status":"closed","sticky":false,"template":"","format":"standard","meta":{"fifu_image_url":"","fifu_image_alt":"","footnotes":""},"categories":[73,53],"tags":[],"class_list":["post-66882","post","type-post","status-publish","format-standard","hentry","category-actualite","category-algerie"],"_links":{"self":[{"href":"https:\/\/linitiative.ca\/International\/wp-json\/wp\/v2\/posts\/66882","targetHints":{"allow":["GET"]}}],"collection":[{"href":"https:\/\/linitiative.ca\/International\/wp-json\/wp\/v2\/posts"}],"about":[{"href":"https:\/\/linitiative.ca\/International\/wp-json\/wp\/v2\/types\/post"}],"author":[{"embeddable":true,"href":"https:\/\/linitiative.ca\/International\/wp-json\/wp\/v2\/users\/1742"}],"replies":[{"embeddable":true,"href":"https:\/\/linitiative.ca\/International\/wp-json\/wp\/v2\/comments?post=66882"}],"version-history":[{"count":0,"href":"https:\/\/linitiative.ca\/International\/wp-json\/wp\/v2\/posts\/66882\/revisions"}],"wp:attachment":[{"href":"https:\/\/linitiative.ca\/International\/wp-json\/wp\/v2\/media?parent=66882"}],"wp:term":[{"taxonomy":"category","embeddable":true,"href":"https:\/\/linitiative.ca\/International\/wp-json\/wp\/v2\/categories?post=66882"},{"taxonomy":"post_tag","embeddable":true,"href":"https:\/\/linitiative.ca\/International\/wp-json\/wp\/v2\/tags?post=66882"}],"curies":[{"name":"wp","href":"https:\/\/api.w.org\/{rel}","templated":true}]}}