{"id":66884,"date":"2019-11-07T16:27:43","date_gmt":"2019-11-07T21:27:43","guid":{"rendered":"https:\/\/linitiative.ca\/International\/tenue-de-la-2eme-conference-ministerielle-annuelle-de-linitiative-aaa\/"},"modified":"2019-11-07T16:27:43","modified_gmt":"2019-11-07T21:27:43","slug":"tenue-de-la-2eme-conference-ministerielle-annuelle-de-linitiative-aaa","status":"publish","type":"post","link":"https:\/\/linitiative.ca\/International\/tenue-de-la-2eme-conference-ministerielle-annuelle-de-linitiative-aaa\/","title":{"rendered":"Tenue de la 2\u00e8me Conf\u00e9rence minist\u00e9rielle annuelle de l\u2019Initiative AAA"},"content":{"rendered":"<p><iframe loading=\"lazy\" width=\"1170\" height=\"658\" src=\"https:\/\/www.youtube.com\/embed\/fQwZSLRyM60?feature=oembed\" frameborder=\"0\" allow=\"accelerometer; autoplay; encrypted-media; gyroscope; picture-in-picture\" allowfullscreen=\"\">[embedded content]<\/iframe><\/p>\n<div class=\"single-post-excerpt post-excerpt-bc\" readability=\"45\">\n<p>La 2\u00e8me Conf\u00e9rence minist\u00e9rielle annuelle de l\u2019Initiative africaine d\u2019adaptation aux changements climatiques (Initiative AAA), qui a \u00e9t\u00e9 tenue sous le th\u00e8me \u00ab La s\u00e9curit\u00e9 alimentaire face au changement climatique \u00bb \u00e0 Benguerir, en partenariat avec l\u2019Universit\u00e9 Mohammed VI Polytechnique et le groupe OCP, a r\u00e9uni 28 d\u00e9l\u00e9gations \u00e9trang\u00e8res, dont 20 ministres africains, des repr\u00e9sentants de gouvernements africains, d\u2019institutions financi\u00e8res internationales telles la Banque mondiale, l\u2019Organisation des Nations Unies pour l\u2019alimentation et l\u2019agriculture (FAO), la Banque Africaine de D\u00e9veloppement (BAD), des donateurs, ainsi que plusieurs scientifiques de renomm\u00e9e internationale.<\/p>\n<\/div>\n<p>Auteur: Meriem IGASS<br \/>\n<a href=\"http:\/\/www.mapmarrakech.ma\/fr\/tenue-de-la-2eme-conference-ministerielle-annuelle-de-linitiative-aaa\/\">Cliquez ici pour lire l&rsquo;article depuis sa source.<\/a><\/p>\n","protected":false},"excerpt":{"rendered":"<p>[embedded content] La 2\u00e8me Conf\u00e9rence minist\u00e9rielle annuelle de l\u2019Initiative africaine d\u2019adaptation aux changements climatiques (Initiative AAA), qui a \u00e9t\u00e9 tenue sous le th\u00e8me \u00ab La s\u00e9curit\u00e9 alimentaire face au changement climatique \u00bb \u00e0 Benguerir, en partenariat avec l\u2019Universit\u00e9 Mohammed VI Polytechnique et le groupe OCP, a r\u00e9uni 28 d\u00e9l\u00e9gations \u00e9trang\u00e8res, dont 20 ministres africains, des [&hellip;]<\/p>\n","protected":false},"author":1788,"featured_media":0,"comment_status":"closed","ping_status":"closed","sticky":false,"template":"","format":"standard","meta":{"fifu_image_url":"","fifu_image_alt":"","footnotes":""},"categories":[54,76],"tags":[],"class_list":["post-66884","post","type-post","status-publish","format-standard","hentry","category-maroc","category-regions"],"_links":{"self":[{"href":"https:\/\/linitiative.ca\/International\/wp-json\/wp\/v2\/posts\/66884","targetHints":{"allow":["GET"]}}],"collection":[{"href":"https:\/\/linitiative.ca\/International\/wp-json\/wp\/v2\/posts"}],"about":[{"href":"https:\/\/linitiative.ca\/International\/wp-json\/wp\/v2\/types\/post"}],"author":[{"embeddable":true,"href":"https:\/\/linitiative.ca\/International\/wp-json\/wp\/v2\/users\/1788"}],"replies":[{"embeddable":true,"href":"https:\/\/linitiative.ca\/International\/wp-json\/wp\/v2\/comments?post=66884"}],"version-history":[{"count":0,"href":"https:\/\/linitiative.ca\/International\/wp-json\/wp\/v2\/posts\/66884\/revisions"}],"wp:attachment":[{"href":"https:\/\/linitiative.ca\/International\/wp-json\/wp\/v2\/media?parent=66884"}],"wp:term":[{"taxonomy":"category","embeddable":true,"href":"https:\/\/linitiative.ca\/International\/wp-json\/wp\/v2\/categories?post=66884"},{"taxonomy":"post_tag","embeddable":true,"href":"https:\/\/linitiative.ca\/International\/wp-json\/wp\/v2\/tags?post=66884"}],"curies":[{"name":"wp","href":"https:\/\/api.w.org\/{rel}","templated":true}]}}