{"id":66885,"date":"2019-11-08T07:57:34","date_gmt":"2019-11-08T12:57:34","guid":{"rendered":"https:\/\/linitiative.ca\/International\/focus-sur-la-prise-en-charge-des-personnes-handicapees\/"},"modified":"2019-11-08T07:57:34","modified_gmt":"2019-11-08T12:57:34","slug":"focus-sur-la-prise-en-charge-des-personnes-handicapees","status":"publish","type":"post","link":"https:\/\/linitiative.ca\/International\/focus-sur-la-prise-en-charge-des-personnes-handicapees\/","title":{"rendered":"Focus sur la prise en charge des personnes handicap\u00e9es"},"content":{"rendered":"<div readability=\"38\">\n<p>Marrakech \u2013 Plus de 500 sp\u00e9cialistes de la m\u00e9decine physique et de r\u00e9adaptation (MPR) issus des deux rives de la M\u00e9diterran\u00e9e, l\u2019Afrique et du Moyen-Orient sont en conclave \u00e0 Marrakech, du 07 au 10 novembre courant, pour examiner les sp\u00e9cificit\u00e9s de la prise en charge des personnes en situation de handicap.<\/p>\n<\/div>\n<div readability=\"98\">\n<p>R\u00e9unis dans le cadre du 13\u00e8 Congr\u00e8s m\u00e9diterran\u00e9en de m\u00e9decine physique et de r\u00e9adaptation, ces m\u00e9decins sp\u00e9cialistes d\u00e9battront notamment du r\u00f4le des r\u00e9seaux associatifs et de la m\u00e9decine communautaire dans la prise en charge des personnes en situation de handicap et\u00a0 du plan de l\u2019Organisation mondiale de la sant\u00e9 (OMS) 2014\/2021, ainsi que le plan de \u00ab\u00a0la sant\u00e9 et le handicap\u00a0\u00bb que le Maroc a adopt\u00e9.<\/p>\n<p>Les participants \u00e9changeront, aussi, des innovations techniques, diagnostiques et th\u00e9rapeutiques relatives \u00e0 la MPR et de l\u2019approche multidisciplinaire des soins qui caract\u00e9risent cette sp\u00e9cialit\u00e9.<\/p>\n<p>Pour le Pr. Abdellatif El Fatimi, pr\u00e9sident de la Soci\u00e9t\u00e9 Marocaine de M\u00e9decine Physique et de R\u00e9adaptation (SOMAREF), ce congr\u00e8s m\u00e9dical offre l\u2019opportunit\u00e9 pour pr\u00e9senter l\u2019exp\u00e9rience marocaine de prise en charge de la personne handicap\u00e9e et tirer profit des avanc\u00e9es notamment des pays de la rive nord de la M\u00e9diterran\u00e9e dans ce domaine.<\/p>\n<p>La MPR est une sp\u00e9cialit\u00e9 assez r\u00e9cente au Maroc, a-t-il estim\u00e9, indiquant que le Royaume compte actuellement plus de 85 m\u00e9decins r\u00e9\u00e9ducateurs (m\u00e9decins physiques).<\/p>\n<p>M.El Fatimi a, en outre, soulign\u00e9 que cette discipline permet de r\u00e9duire les cons\u00e9quences fonctionnelles physiques, psychologiques, sociales et \u00e9conomiques des d\u00e9ficiences et des incapacit\u00e9s, d\u2019am\u00e9liorer et de proposer une prise en charge innovante, m\u00e9dicale et r\u00e9\u00e9ducative.<\/p>\n<p>Dans une d\u00e9claration similaire, Dr. Hafid Meliani, pr\u00e9sident du congr\u00e8s, a relev\u00e9 que le Maroc a besoin de 500 sp\u00e9cialistes de la MPR pour \u00eatre en mesure de venir \u00e0 bout de la demande accrue sur cette sp\u00e9cialit\u00e9, notant que les m\u00e9decins r\u00e9\u00e9ducateurs sollicitent la collaboration de plusieurs autres disciplines et cadres m\u00e9dicaux et param\u00e9dicaux tels que les kin\u00e9sith\u00e9rapeutes, les ergoth\u00e9rapeutes et les orthophonistes.<\/p>\n<p>Plac\u00e9 sous le Haut Patronage de SM le Roi Mohammed VI et organis\u00e9 \u00e0 l\u2019initiative de la SOMAREF, en partenariat avec le \u00ab\u00a0Mediterranean Forum of Physical and Rehablitation Medicine\u00a0\u00bb, le 13\u00e8me Congr\u00e8s m\u00e9diterran\u00e9en de m\u00e9decine physique et de r\u00e9adaptation conna\u00eet la participation de plus de 30 pays des deux rives de la M\u00e9diterran\u00e9e et une forte pr\u00e9sence des pays de l\u2019Afrique subsaharienne.<\/p>\n<p>Des experts venus de diff\u00e9rentes r\u00e9gions du globe vont animer le d\u00e9bat sous forme de conf\u00e9rences d\u2019experts et th\u00e9matiques, de symposiums, de communications orales, de E-posters ainsi que d\u2019ateliers pratiques.<\/p>\n<p>Ainsi, une session \u00ab\u00a0jeunes m\u00e9decins MPR\u00a0\u00bb permettra de constituer un r\u00e9seau entre les r\u00e9sidents et jeunes m\u00e9decins MPR de ces diff\u00e9rentes r\u00e9gions.<\/p>\n<p>Pour rappel, le 13\u00e8 Congr\u00e8s m\u00e9diterran\u00e9en de m\u00e9decine physique et de r\u00e9adaptation se tient en parall\u00e8le au 20\u00e8 congr\u00e8s national annuel de la MPR.<\/p>\n<\/div>\n<p>Auteur: Meriem IGASS<br \/>\n<a href=\"http:\/\/www.mapmarrakech.ma\/fr\/medecine\/\">Cliquez ici pour lire l&rsquo;article depuis sa source.<\/a><\/p>\n","protected":false},"excerpt":{"rendered":"<p>Marrakech \u2013 Plus de 500 sp\u00e9cialistes de la m\u00e9decine physique et de r\u00e9adaptation (MPR) issus des deux rives de la M\u00e9diterran\u00e9e, l\u2019Afrique et du Moyen-Orient sont en conclave \u00e0 Marrakech, du 07 au 10 novembre courant, pour examiner les sp\u00e9cificit\u00e9s de la prise en charge des personnes en situation de handicap. R\u00e9unis dans le cadre [&hellip;]<\/p>\n","protected":false},"author":1788,"featured_media":0,"comment_status":"closed","ping_status":"closed","sticky":false,"template":"","format":"standard","meta":{"fifu_image_url":"","fifu_image_alt":"","footnotes":""},"categories":[54,76],"tags":[],"class_list":["post-66885","post","type-post","status-publish","format-standard","hentry","category-maroc","category-regions"],"_links":{"self":[{"href":"https:\/\/linitiative.ca\/International\/wp-json\/wp\/v2\/posts\/66885","targetHints":{"allow":["GET"]}}],"collection":[{"href":"https:\/\/linitiative.ca\/International\/wp-json\/wp\/v2\/posts"}],"about":[{"href":"https:\/\/linitiative.ca\/International\/wp-json\/wp\/v2\/types\/post"}],"author":[{"embeddable":true,"href":"https:\/\/linitiative.ca\/International\/wp-json\/wp\/v2\/users\/1788"}],"replies":[{"embeddable":true,"href":"https:\/\/linitiative.ca\/International\/wp-json\/wp\/v2\/comments?post=66885"}],"version-history":[{"count":0,"href":"https:\/\/linitiative.ca\/International\/wp-json\/wp\/v2\/posts\/66885\/revisions"}],"wp:attachment":[{"href":"https:\/\/linitiative.ca\/International\/wp-json\/wp\/v2\/media?parent=66885"}],"wp:term":[{"taxonomy":"category","embeddable":true,"href":"https:\/\/linitiative.ca\/International\/wp-json\/wp\/v2\/categories?post=66885"},{"taxonomy":"post_tag","embeddable":true,"href":"https:\/\/linitiative.ca\/International\/wp-json\/wp\/v2\/tags?post=66885"}],"curies":[{"name":"wp","href":"https:\/\/api.w.org\/{rel}","templated":true}]}}