{"id":66886,"date":"2019-11-08T09:18:01","date_gmt":"2019-11-08T14:18:01","guid":{"rendered":"https:\/\/linitiative.ca\/International\/arrestation-du-chef-dune-bande-de-trafic-de-drogue\/"},"modified":"2019-11-08T09:18:01","modified_gmt":"2019-11-08T14:18:01","slug":"arrestation-du-chef-dune-bande-de-trafic-de-drogue","status":"publish","type":"post","link":"https:\/\/linitiative.ca\/International\/arrestation-du-chef-dune-bande-de-trafic-de-drogue\/","title":{"rendered":"Arrestation du chef d\u2019une bande de trafic de drogue"},"content":{"rendered":"<div readability=\"36\">\n<p>Marrakech \u2013 La brigade anti-drogue relevant du service pr\u00e9fectoral de la police judiciaire de Marrakech a proc\u00e9d\u00e9, r\u00e9cemment, \u00e0 l\u2019arrestation du chef d\u2019une bande sp\u00e9cialis\u00e9e dans le trafic de drogue et de psychotropes et de cinq de ses complices.<\/p>\n<\/div>\n<div readability=\"70\">\n<p>Cette arrestation est intervenue suite \u00e0 l\u2019enqu\u00eate judiciaire diligent\u00e9e par les \u00e9l\u00e9ments de ladite brigade sur la base d\u2019une information selon laquelle un individu faisant l\u2019objet d\u2019un avis de recherche au niveau national avait repris ses activit\u00e9s de trafic de drogue, selon une source s\u00e9curitaire.<\/p>\n<p>Les investigations et les enqu\u00eates men\u00e9es ont confirm\u00e9 que le mis en cause est le chef d\u2019une bande sp\u00e9cialis\u00e9e dans le trafic de drogue et de psychotropes dans la ville de Marrakech, souligne-t-on de m\u00eame source.<\/p>\n<p>Suite \u00e0 une embuscade minutieusement pr\u00e9par\u00e9e et \u00e0 une surveillance secr\u00e8te des lieux fr\u00e9quent\u00e9s par le suspect et ses collaborateurs, les \u00e9l\u00e9ments de la brigade ont proc\u00e9d\u00e9 \u00e0 une heure tardive dans la nuit de mardi dernier, \u00e0 l\u2019arrestation du mis en cause dans son domicile sis au quartier Riad Al-Arous, ainsi que de cinq de ses complices, dont un mineur et une autre personne qui fait l\u2019objet d\u2019un avis de recherche \u00e0 l\u2019\u00e9chelle nationale pour vol qualifi\u00e9.<\/p>\n<p>Les op\u00e9rations de perquisition, men\u00e9es en coordination avec le parquet g\u00e9n\u00e9ral comp\u00e9tent, ont permis la saisie de 175 comprim\u00e9s psychotropes, de six plaquettes de chira, dont le poids total avoisine les 640 g, d\u2019une quantit\u00e9 de petits morceaux de la m\u00eame drogue en possession des autres complices, de deux armes blanches, de t\u00e9l\u00e9phones portables et de sommes d\u2019argent issues de ce trafic.<\/p>\n<p>Le mineur arr\u00eat\u00e9 a \u00e9t\u00e9 plac\u00e9 sous surveillance alors que les autres mis en cause ont \u00e9t\u00e9 plac\u00e9s en garde \u00e0 vue pour les besoins de l\u2019enqu\u00eate, avant d\u2019\u00eatre d\u00e9f\u00e9r\u00e9s devant la justice, a pr\u00e9cis\u00e9 la m\u00eame source, ajoutant que les investigations se poursuivent pour l\u2019arrestation d\u2019\u00e9ventuels complices pr\u00e9sum\u00e9s impliqu\u00e9s dans le cadre de la m\u00eame affaire.<\/p>\n<\/div>\n<p>Auteur: Meriem IGASS<br \/>\n<a href=\"http:\/\/www.mapmarrakech.ma\/fr\/drogue\/\">Cliquez ici pour lire l&rsquo;article depuis sa source.<\/a><\/p>\n","protected":false},"excerpt":{"rendered":"<p>Marrakech \u2013 La brigade anti-drogue relevant du service pr\u00e9fectoral de la police judiciaire de Marrakech a proc\u00e9d\u00e9, r\u00e9cemment, \u00e0 l\u2019arrestation du chef d\u2019une bande sp\u00e9cialis\u00e9e dans le trafic de drogue et de psychotropes et de cinq de ses complices. Cette arrestation est intervenue suite \u00e0 l\u2019enqu\u00eate judiciaire diligent\u00e9e par les \u00e9l\u00e9ments de ladite brigade sur [&hellip;]<\/p>\n","protected":false},"author":1788,"featured_media":0,"comment_status":"closed","ping_status":"closed","sticky":false,"template":"","format":"standard","meta":{"fifu_image_url":"","fifu_image_alt":"","footnotes":""},"categories":[54,76],"tags":[],"class_list":["post-66886","post","type-post","status-publish","format-standard","hentry","category-maroc","category-regions"],"_links":{"self":[{"href":"https:\/\/linitiative.ca\/International\/wp-json\/wp\/v2\/posts\/66886","targetHints":{"allow":["GET"]}}],"collection":[{"href":"https:\/\/linitiative.ca\/International\/wp-json\/wp\/v2\/posts"}],"about":[{"href":"https:\/\/linitiative.ca\/International\/wp-json\/wp\/v2\/types\/post"}],"author":[{"embeddable":true,"href":"https:\/\/linitiative.ca\/International\/wp-json\/wp\/v2\/users\/1788"}],"replies":[{"embeddable":true,"href":"https:\/\/linitiative.ca\/International\/wp-json\/wp\/v2\/comments?post=66886"}],"version-history":[{"count":0,"href":"https:\/\/linitiative.ca\/International\/wp-json\/wp\/v2\/posts\/66886\/revisions"}],"wp:attachment":[{"href":"https:\/\/linitiative.ca\/International\/wp-json\/wp\/v2\/media?parent=66886"}],"wp:term":[{"taxonomy":"category","embeddable":true,"href":"https:\/\/linitiative.ca\/International\/wp-json\/wp\/v2\/categories?post=66886"},{"taxonomy":"post_tag","embeddable":true,"href":"https:\/\/linitiative.ca\/International\/wp-json\/wp\/v2\/tags?post=66886"}],"curies":[{"name":"wp","href":"https:\/\/api.w.org\/{rel}","templated":true}]}}