{"id":66887,"date":"2019-11-08T07:01:46","date_gmt":"2019-11-08T12:01:46","guid":{"rendered":"https:\/\/linitiative.ca\/International\/tissemsilt-la-celebration-du-mawlid-ennabaoui-une-occasion-pour-la-solidarite-et-lentraide\/"},"modified":"2019-11-08T07:01:46","modified_gmt":"2019-11-08T12:01:46","slug":"tissemsilt-la-celebration-du-mawlid-ennabaoui-une-occasion-pour-la-solidarite-et-lentraide","status":"publish","type":"post","link":"https:\/\/linitiative.ca\/International\/tissemsilt-la-celebration-du-mawlid-ennabaoui-une-occasion-pour-la-solidarite-et-lentraide\/","title":{"rendered":"Tissemsilt : la c\u00e9l\u00e9bration du Mawlid Ennabaoui, une occasion pour la solidarit\u00e9 et l\u2019entraide"},"content":{"rendered":"<div readability=\"33\">\n<p><strong>TISSEMSILT &#8211; La c\u00e9l\u00e9bration du Mawlid Ennabaoui dans la wilaya de Tissemsilt est un \u00e9v\u00e9nement religieux appropri\u00e9 pour la solidarit\u00e9 et l\u2019entraide qui caract\u00e9rise les populations locales.<\/strong><\/p>\n<\/div>\n<div readability=\"117.5\">\n<p>La sp\u00e9cificit\u00e9 de la c\u00e9l\u00e9bration de la naissance du proph\u00e8te Mohamed (QSSSL) \u00e0 Tissemsilt et ses agglom\u00e9rations secondaires, \u00e0 l\u2019instar des villages \u00ab\u00a0Me\u00efda\u00a0\u00bb et \u00ab\u00a0A\u00efn El-Kerma\u00a0\u00bb r\u00e9side dans les actions de solidarit\u00e9 et d\u2019entraide comme la distribution de repas aux pauvres et aux sans-abris, ainsi que des plats de couscous aux malades n\u00e9cessiteux de l\u2019\u00e9tablissement hospitalier du chef-lieu de wilaya.<\/p>\n<blockquote readability=\"12\">\n<p><strong>Mohamed, habitant de la ville de Tissemsilt, rappelle que \u00ab\u00a0la veille de la c\u00e9l\u00e9bration du Mawlid Ennabaoui dans la r\u00e9gion constitue une occasion pour organiser des c\u00e9r\u00e9monies dans un climat de solidarit\u00e9. Les familles se font un devoir, en cette occasion religieuse, d\u2019offrir les repas aux n\u00e9cessiteux\u00a0de la ville ou des environs\u00a0\u00bb.<\/strong><\/p>\n<\/blockquote>\n<p>Pour sa part, M. Benchohra a soulign\u00e9 que \u00ab\u00a0de nombreux quartiers de la ville de Tissemsilt se transforment, \u00e0 cette occasion, en lieux o\u00f9 sont pr\u00e9par\u00e9s les repas \u00e0 servir aux pauvre\u00a0s, aux n\u00e9cessiteux et aux personnes sans abri. Ces sc\u00e8nes t\u00e9moignent de la g\u00e9n\u00e9rosit\u00e9 des enfants de la ville\u00a0\u00bb, a-t-il estim\u00e9.<\/p>\n<p>La c\u00e9l\u00e9bration du Mawlid Ennabaoui est \u00e9galement l\u2019occasion pour les grandes familles, les notables et les chouyoukh de la ville de r\u00e9concilier les uns aux autres et r\u00e9gler les litiges entres \u00e9poux, entre proches ou\u00a0entre les voisins, ce qui t\u00e9moigne de l\u2019esprit de solidarit\u00e9 entre les gens de la r\u00e9gion.<\/p>\n<p>\u00a0<span class=\"c29\"><strong>Des traditions s\u00e9culaires<\/strong><\/span><\/p>\n<p>Les familles de Tissemsilt prennent garde \u00e0 bien se pr\u00e9parer \u00e0 accueillir cette f\u00eate religieuse, par l\u2019achat d\u2019encens chez les herboristes que les femmes allument dans les diff\u00e9rents coins de la maison familiale, durant la veill\u00e9e du Mawlid Ennabaoui, selon des traditions s\u00e9culaires ainsi que l\u2019achat de cadeaux aux enfants.<\/p>\n<p>D\u2019autre part, la c\u00e9l\u00e9bration du Mawlid, notamment dans les zones rurales, se caract\u00e9rise par l\u2019organisation d\u2019activit\u00e9s religieuses tr\u00e8s particuli\u00e8res, notamment la mise en place de \u00ab\u00a0halqas\u00a0\u00bb compos\u00e9es, dans leur\u00a0majorit\u00e9, d\u2019apprenants du Saint Coran qui, d\u00e9clament \u00e9galement des \u00ab\u00a0madih\u00a0\u00bb.<\/p>\n<blockquote readability=\"9\">\n<p><strong>Dans les mosqu\u00e9es, les fid\u00e8les c\u00e9l\u00e8brent le Mawlid par la r\u00e9citation du Coran et de \u00ab\u00a0madih\u00a0\u00bb glorifiant le proph\u00e8te (QSSSL) dans des \u00ab\u00a0halqas de dhikr\u00a0\u00bb, durant lesquelles ils relatent la \u00ab\u00a0sira\u00a0\u00bb du proph\u00e8te et ses\u00a0qualit\u00e9s que l\u2019Imam inculque \u00e0 l\u2019assistance.<\/strong><\/p>\n<\/blockquote>\n<p>Des concours religieux sont \u00e9galement organis\u00e9s et leurs laur\u00e9ats, ainsi que les apprenants du saint Coran, sont r\u00e9compens\u00e9s, \u00e0 l\u2019initiative de la direction de wilaya des affaires religieuses et des waqfs.<\/p>\n<p>De nombreuses activit\u00e9s religieuses sont \u00e9galement organis\u00e9es aux zaouias de \u00ab\u00a0Sidi Ali El-Hadj\u00a0\u00bb dans la r\u00e9gion d\u2019El-Macta\u00e2 \u00e0 Bordj Boun\u00e2ama et \u00ab\u00a0Sidi Ali Beljadarmi\u00a0\u00bb, dans la commune d\u2019El-Ayoun, et \u00ab\u00a0Sidi Ben Temra\u00a0\u00bb \u00e0 Tissemsilt, sous forme de \u00ab\u00a0halqas\u00a0\u00bb autour de la \u00ab\u00a0sira\u00a0\u00bb du proph\u00e8te et la r\u00e9citation collective du saint Coran, ainsi que des chants religieux louant les qualit\u00e9s du Proph\u00e8te.<\/p>\n<p>Tous les foyers, dans les nombreux regroupements ruraux de la r\u00e9gion de l\u2019Ouarsensis, \u00e0 l\u2019instar des \u00ab\u00a0Kedadra\u00a0\u00bb \u00e0 Sidi Slimane et \u00ab\u00a0Metija\u00a0\u00bb \u00e0 Bordj Boun\u00e2ama et \u00ab\u00a0Beni Boudjem\u00e2a\u00a0\u00bb \u00e0 Bouka\u00efd, c\u00e9l\u00e8brent le Mawlid \u00e0 travers des repas r\u00e9unissant tous les membres de la m\u00eame famille et la tenue des\u00a0rencontres par les imams sur la vie du proph\u00e8te suivies avec attention.<\/p>\n<p>Sur un autre plan, la wilaya de Tissemsilt, comme toutes les r\u00e9gions du pays, connait un regain d\u2019activit\u00e9 \u00e0 l\u2019approche de la c\u00e9l\u00e9bration du Mawlid Ennabaoui. Tout se vend, tout s\u2019ach\u00e8te. La population locale se fait un devoir de c\u00e9l\u00e9brer avec faste la naissance du Proph\u00e8te Mohamed(QSSSL).<\/p>\n<\/div>\n<p>Auteur:<br \/>\n<a href=\"http:\/\/www.aps.dz\/regions\/97139-tissemsilt-la-celebration-du-mawlid-ennabaoui-une-occasion-pour-la-solidarite-et-l-entraide\">Cliquez ici pour lire l&rsquo;article depuis sa source.<\/a><\/p>\n","protected":false},"excerpt":{"rendered":"<p>TISSEMSILT &#8211; La c\u00e9l\u00e9bration du Mawlid Ennabaoui dans la wilaya de Tissemsilt est un \u00e9v\u00e9nement religieux appropri\u00e9 pour la solidarit\u00e9 et l\u2019entraide qui caract\u00e9rise les populations locales. La sp\u00e9cificit\u00e9 de la c\u00e9l\u00e9bration de la naissance du proph\u00e8te Mohamed (QSSSL) \u00e0 Tissemsilt et ses agglom\u00e9rations secondaires, \u00e0 l\u2019instar des villages \u00ab\u00a0Me\u00efda\u00a0\u00bb et \u00ab\u00a0A\u00efn El-Kerma\u00a0\u00bb r\u00e9side dans [&hellip;]<\/p>\n","protected":false},"author":1790,"featured_media":0,"comment_status":"closed","ping_status":"closed","sticky":false,"template":"","format":"standard","meta":{"fifu_image_url":"","fifu_image_alt":"","footnotes":""},"categories":[53,76],"tags":[],"class_list":["post-66887","post","type-post","status-publish","format-standard","hentry","category-algerie","category-regions"],"_links":{"self":[{"href":"https:\/\/linitiative.ca\/International\/wp-json\/wp\/v2\/posts\/66887","targetHints":{"allow":["GET"]}}],"collection":[{"href":"https:\/\/linitiative.ca\/International\/wp-json\/wp\/v2\/posts"}],"about":[{"href":"https:\/\/linitiative.ca\/International\/wp-json\/wp\/v2\/types\/post"}],"author":[{"embeddable":true,"href":"https:\/\/linitiative.ca\/International\/wp-json\/wp\/v2\/users\/1790"}],"replies":[{"embeddable":true,"href":"https:\/\/linitiative.ca\/International\/wp-json\/wp\/v2\/comments?post=66887"}],"version-history":[{"count":0,"href":"https:\/\/linitiative.ca\/International\/wp-json\/wp\/v2\/posts\/66887\/revisions"}],"wp:attachment":[{"href":"https:\/\/linitiative.ca\/International\/wp-json\/wp\/v2\/media?parent=66887"}],"wp:term":[{"taxonomy":"category","embeddable":true,"href":"https:\/\/linitiative.ca\/International\/wp-json\/wp\/v2\/categories?post=66887"},{"taxonomy":"post_tag","embeddable":true,"href":"https:\/\/linitiative.ca\/International\/wp-json\/wp\/v2\/tags?post=66887"}],"curies":[{"name":"wp","href":"https:\/\/api.w.org\/{rel}","templated":true}]}}