{"id":66889,"date":"2019-11-08T15:14:10","date_gmt":"2019-11-08T20:14:10","guid":{"rendered":"https:\/\/linitiative.ca\/International\/international-naples-pret-a-lacher-deux-cadres-cet-hiver\/"},"modified":"2019-11-08T15:14:10","modified_gmt":"2019-11-08T20:14:10","slug":"international-naples-pret-a-lacher-deux-cadres-cet-hiver","status":"publish","type":"post","link":"https:\/\/linitiative.ca\/International\/international-naples-pret-a-lacher-deux-cadres-cet-hiver\/","title":{"rendered":"International : Naples pr\u00eat \u00e0 l\u00e2cher deux cadres cet hiver"},"content":{"rendered":"<div readability=\"32\">\n<p>Auteur : <span class=\"time\">vendredi 08 novembre 2019 18:45<\/span><\/p>\n<\/div>\n<div id=\"post_core\" readability=\"37\">\n<p>Selon Il Mattino et Les-Transferts, il s\u2019agit de Dries Mertens et Jos\u00e9 Callejon. Deux joueurs qui seraient responsables de cette crise qui secoue le Napoli. Les deux napolitains seront en fin de contrat au mois de juin prochain. Des clubs chinois surveilleraient de pr\u00e8s cette situation.<\/p>\n<p><strong>Publi\u00e9 dans :<\/strong> <span>Naples<\/span> <span>Callejon<\/span> <span>Mertens<\/span><\/p>\n<\/div>\n<p>Auteur:<br \/>\n<a href=\"http:\/\/www.lebuteur.com\/article\/detail?titre=naples-pret-a-lacher-deux-cadres-cet-hiver&#038;id=92812&#038;utm_source=feedburner&#038;utm_medium=feed&#038;utm_campaign=Feed%3A+GalerieFArtciles+%28Les+derniers+articles++-+lebuteur.com%29\">Cliquez ici pour lire l&rsquo;article depuis sa source.<\/a><\/p>\n","protected":false},"excerpt":{"rendered":"<p>Auteur : vendredi 08 novembre 2019 18:45 Selon Il Mattino et Les-Transferts, il s\u2019agit de Dries Mertens et Jos\u00e9 Callejon. Deux joueurs qui seraient responsables de cette crise qui secoue le Napoli. Les deux napolitains seront en fin de contrat au mois de juin prochain. Des clubs chinois surveilleraient de pr\u00e8s cette situation. Publi\u00e9 dans [&hellip;]<\/p>\n","protected":false},"author":1738,"featured_media":66890,"comment_status":"closed","ping_status":"closed","sticky":false,"template":"","format":"standard","meta":{"fifu_image_url":"","fifu_image_alt":"","footnotes":""},"categories":[53,75],"tags":[],"class_list":["post-66889","post","type-post","status-publish","format-standard","has-post-thumbnail","hentry","category-algerie","category-sport"],"_links":{"self":[{"href":"https:\/\/linitiative.ca\/International\/wp-json\/wp\/v2\/posts\/66889","targetHints":{"allow":["GET"]}}],"collection":[{"href":"https:\/\/linitiative.ca\/International\/wp-json\/wp\/v2\/posts"}],"about":[{"href":"https:\/\/linitiative.ca\/International\/wp-json\/wp\/v2\/types\/post"}],"author":[{"embeddable":true,"href":"https:\/\/linitiative.ca\/International\/wp-json\/wp\/v2\/users\/1738"}],"replies":[{"embeddable":true,"href":"https:\/\/linitiative.ca\/International\/wp-json\/wp\/v2\/comments?post=66889"}],"version-history":[{"count":0,"href":"https:\/\/linitiative.ca\/International\/wp-json\/wp\/v2\/posts\/66889\/revisions"}],"wp:featuredmedia":[{"embeddable":true,"href":"https:\/\/linitiative.ca\/International\/wp-json\/"}],"wp:attachment":[{"href":"https:\/\/linitiative.ca\/International\/wp-json\/wp\/v2\/media?parent=66889"}],"wp:term":[{"taxonomy":"category","embeddable":true,"href":"https:\/\/linitiative.ca\/International\/wp-json\/wp\/v2\/categories?post=66889"},{"taxonomy":"post_tag","embeddable":true,"href":"https:\/\/linitiative.ca\/International\/wp-json\/wp\/v2\/tags?post=66889"}],"curies":[{"name":"wp","href":"https:\/\/api.w.org\/{rel}","templated":true}]}}