{"id":66893,"date":"2019-11-08T15:14:14","date_gmt":"2019-11-08T20:14:14","guid":{"rendered":"https:\/\/linitiative.ca\/International\/pros-benlamri-buteur-contre-al-ordon-video\/"},"modified":"2019-11-08T15:14:14","modified_gmt":"2019-11-08T20:14:14","slug":"pros-benlamri-buteur-contre-al-ordon-video","status":"publish","type":"post","link":"https:\/\/linitiative.ca\/International\/pros-benlamri-buteur-contre-al-ordon-video\/","title":{"rendered":"Pros : Benlamri buteur contre Al Ordon (Vid\u00e9o)"},"content":{"rendered":"<div readability=\"32\">\n<p>Auteur : <span class=\"time\">vendredi 08 novembre 2019 19:10<\/span><\/p>\n<\/div>\n<div id=\"post_core\" readability=\"37\">\n<p>Le d\u00e9fenseur central Alg\u00e9rien d\u2019Al Shabab, Djamel Benlamri a men\u00e9 son team aujourd\u2019hui \u00e0 la qualif\u2019 pour les quarts de finale de la Coupe Arabe face \u00e0 la formation d\u2019Al Ordon. Alors que le match aller s\u2019\u00e9tait sold\u00e9 sur la victoire des Saoudiens sur le score d\u2019un but \u00e0 z\u00e9ro, les co\u00e9quipiers de Benlamri sont all\u00e9s aujourd\u2019hui faire match nul chez Al Ordon gr\u00e2ce \u00e0 un but du joueur de l\u2019EN.<\/p>\n<p><iframe loading=\"lazy\" allow=\"accelerometer; autoplay; encrypted-media; gyroscope; picture-in-picture\" allowfullscreen=\"\" frameborder=\"0\" height=\"315\" src=\"https:\/\/www.youtube.com\/embed\/5P50E8IgTF0\" width=\"560\">[embedded content]<\/iframe><\/p>\n<p><strong>Publi\u00e9 dans :<\/strong> <span>Benlamri<\/span><\/p>\n<\/div>\n<p>Auteur:<br \/>\n<a href=\"http:\/\/www.lebuteur.com\/article\/detail?titre=benlamri-buteur-contre-al-ordon-video&#038;id=92813&#038;utm_source=feedburner&#038;utm_medium=feed&#038;utm_campaign=Feed%3A+GalerieFArtciles+%28Les+derniers+articles++-+lebuteur.com%29\">Cliquez ici pour lire l&rsquo;article depuis sa source.<\/a><\/p>\n","protected":false},"excerpt":{"rendered":"<p>Auteur : vendredi 08 novembre 2019 19:10 Le d\u00e9fenseur central Alg\u00e9rien d\u2019Al Shabab, Djamel Benlamri a men\u00e9 son team aujourd\u2019hui \u00e0 la qualif\u2019 pour les quarts de finale de la Coupe Arabe face \u00e0 la formation d\u2019Al Ordon. Alors que le match aller s\u2019\u00e9tait sold\u00e9 sur la victoire des Saoudiens sur le score d\u2019un but [&hellip;]<\/p>\n","protected":false},"author":1738,"featured_media":66894,"comment_status":"closed","ping_status":"closed","sticky":false,"template":"","format":"standard","meta":{"fifu_image_url":"","fifu_image_alt":"","footnotes":""},"categories":[53,75],"tags":[],"class_list":["post-66893","post","type-post","status-publish","format-standard","has-post-thumbnail","hentry","category-algerie","category-sport"],"_links":{"self":[{"href":"https:\/\/linitiative.ca\/International\/wp-json\/wp\/v2\/posts\/66893","targetHints":{"allow":["GET"]}}],"collection":[{"href":"https:\/\/linitiative.ca\/International\/wp-json\/wp\/v2\/posts"}],"about":[{"href":"https:\/\/linitiative.ca\/International\/wp-json\/wp\/v2\/types\/post"}],"author":[{"embeddable":true,"href":"https:\/\/linitiative.ca\/International\/wp-json\/wp\/v2\/users\/1738"}],"replies":[{"embeddable":true,"href":"https:\/\/linitiative.ca\/International\/wp-json\/wp\/v2\/comments?post=66893"}],"version-history":[{"count":0,"href":"https:\/\/linitiative.ca\/International\/wp-json\/wp\/v2\/posts\/66893\/revisions"}],"wp:featuredmedia":[{"embeddable":true,"href":"https:\/\/linitiative.ca\/International\/wp-json\/"}],"wp:attachment":[{"href":"https:\/\/linitiative.ca\/International\/wp-json\/wp\/v2\/media?parent=66893"}],"wp:term":[{"taxonomy":"category","embeddable":true,"href":"https:\/\/linitiative.ca\/International\/wp-json\/wp\/v2\/categories?post=66893"},{"taxonomy":"post_tag","embeddable":true,"href":"https:\/\/linitiative.ca\/International\/wp-json\/wp\/v2\/tags?post=66893"}],"curies":[{"name":"wp","href":"https:\/\/api.w.org\/{rel}","templated":true}]}}