{"id":66897,"date":"2019-11-08T15:14:17","date_gmt":"2019-11-08T20:14:17","guid":{"rendered":"https:\/\/linitiative.ca\/International\/pros-as-monaco-slimani-fait-son-retour-dans-le-groupe\/"},"modified":"2019-11-08T15:14:17","modified_gmt":"2019-11-08T20:14:17","slug":"pros-as-monaco-slimani-fait-son-retour-dans-le-groupe","status":"publish","type":"post","link":"https:\/\/linitiative.ca\/International\/pros-as-monaco-slimani-fait-son-retour-dans-le-groupe\/","title":{"rendered":"Pros : AS Monaco : Slimani fait son retour dans le groupe !"},"content":{"rendered":"<div readability=\"32\">\n<p>Auteur : <span class=\"time\">vendredi 08 novembre 2019 20:30<\/span><\/p>\n<\/div>\n<div id=\"post_core\" readability=\"42\">\n<p>A l&rsquo;occasion de cette rencontre, Leonardo Jardim a donc convoqu\u00e9 18 joueurs, et le technicien portugais enregistre un retour de poids comme l&rsquo;indique Foootmercato.<\/p>\n<p>Absent contre l\u2019OM en Coupe de la Ligue BKT et face aux Verts en championnat \u00e0 cause d\u2019une blessure aux adducteurs, Islam Slimani est en effet de retour dans le groupe as\u00e9miste. Le club de la Principaut\u00e9 pourra donc compter sur l\u2019un de ses meilleurs \u00e9l\u00e9ments offensifs, puisque l\u2019international alg\u00e9rien a d\u00e9j\u00e0 marqu\u00e9 5 buts et d\u00e9livr\u00e9 7 passes d\u00e9cisives en 8 apparitions.<\/p>\n<p><img decoding=\"async\" alt=\"\" src=\"https:\/\/pbs.twimg.com\/media\/EI35CwBXkAATL5b.jpg\" class=\"c1\"\/><\/p>\n<p><strong>Publi\u00e9 dans :<\/strong> <span>as monaco<\/span><\/p>\n<\/div>\n<p>Auteur:<br \/>\n<a href=\"http:\/\/www.lebuteur.com\/article\/detail?titre=as-monaco-slimani-fait-son-retour-dans-le-groupe&#038;id=92815&#038;utm_source=feedburner&#038;utm_medium=feed&#038;utm_campaign=Feed%3A+GalerieFArtciles+%28Les+derniers+articles++-+lebuteur.com%29\">Cliquez ici pour lire l&rsquo;article depuis sa source.<\/a><\/p>\n","protected":false},"excerpt":{"rendered":"<p>Auteur : vendredi 08 novembre 2019 20:30 A l&rsquo;occasion de cette rencontre, Leonardo Jardim a donc convoqu\u00e9 18 joueurs, et le technicien portugais enregistre un retour de poids comme l&rsquo;indique Foootmercato. Absent contre l\u2019OM en Coupe de la Ligue BKT et face aux Verts en championnat \u00e0 cause d\u2019une blessure aux adducteurs, Islam Slimani est [&hellip;]<\/p>\n","protected":false},"author":1738,"featured_media":66898,"comment_status":"closed","ping_status":"closed","sticky":false,"template":"","format":"standard","meta":{"fifu_image_url":"","fifu_image_alt":"","footnotes":""},"categories":[53,75],"tags":[],"class_list":["post-66897","post","type-post","status-publish","format-standard","has-post-thumbnail","hentry","category-algerie","category-sport"],"_links":{"self":[{"href":"https:\/\/linitiative.ca\/International\/wp-json\/wp\/v2\/posts\/66897","targetHints":{"allow":["GET"]}}],"collection":[{"href":"https:\/\/linitiative.ca\/International\/wp-json\/wp\/v2\/posts"}],"about":[{"href":"https:\/\/linitiative.ca\/International\/wp-json\/wp\/v2\/types\/post"}],"author":[{"embeddable":true,"href":"https:\/\/linitiative.ca\/International\/wp-json\/wp\/v2\/users\/1738"}],"replies":[{"embeddable":true,"href":"https:\/\/linitiative.ca\/International\/wp-json\/wp\/v2\/comments?post=66897"}],"version-history":[{"count":0,"href":"https:\/\/linitiative.ca\/International\/wp-json\/wp\/v2\/posts\/66897\/revisions"}],"wp:featuredmedia":[{"embeddable":true,"href":"https:\/\/linitiative.ca\/International\/wp-json\/"}],"wp:attachment":[{"href":"https:\/\/linitiative.ca\/International\/wp-json\/wp\/v2\/media?parent=66897"}],"wp:term":[{"taxonomy":"category","embeddable":true,"href":"https:\/\/linitiative.ca\/International\/wp-json\/wp\/v2\/categories?post=66897"},{"taxonomy":"post_tag","embeddable":true,"href":"https:\/\/linitiative.ca\/International\/wp-json\/wp\/v2\/tags?post=66897"}],"curies":[{"name":"wp","href":"https:\/\/api.w.org\/{rel}","templated":true}]}}