{"id":66900,"date":"2019-11-08T15:19:07","date_gmt":"2019-11-08T20:19:07","guid":{"rendered":"https:\/\/linitiative.ca\/International\/mascara-le-militaire-du-devoir-inhume-hier\/"},"modified":"2019-11-08T15:19:07","modified_gmt":"2019-11-08T20:19:07","slug":"mascara-le-militaire-du-devoir-inhume-hier","status":"publish","type":"post","link":"https:\/\/linitiative.ca\/International\/mascara-le-militaire-du-devoir-inhume-hier\/","title":{"rendered":"MASCARA :  Le militaire  du devoir inhum\u00e9 hier"},"content":{"rendered":"<div class=\"TxArtcile\" readability=\"17\">\n<p>C\u2019est dans un climat de tristesse et de recueillement que le militaire B.M 26 ans l\u00e2chement assassin\u00e9 lors de l&rsquo;attentat, \u00e0 Damous pr\u00e9s de Tipaza avec plusieurs de ses coll\u00e8gues, a \u00e9t\u00e9 inhum\u00e9 avec les honneurs, au cimeti\u00e8re de Sidi Abdelkader dans la commune de Hachem, sa ville natale en pr\u00e9sence des autorit\u00e9s civiles et militaires. De nombreux citoyens ont tenu \u00e0 assister aux fun\u00e9railles des la victime du devoir national sous les youyous des femmes qui ont tenu \u00e0 lui rendre hommage pour son sacrifice pour la patrie, ses parents et sa m\u00e8re fi\u00e8re de son enfant mort pour la juste cause assassin\u00e9 par une horde de sanguinaires L\u2019imam a lou\u00e9, dans une oraison fun\u00e8bre, les qualit\u00e9s du d\u00e9funt qu&rsquo;il a qualifi\u00e9 de h\u00e9ros de l&rsquo;Alg\u00e9rie qui a sacrifi\u00e9 sa vie pour la s\u00e9curit\u00e9 du pays\u00bb. Dans une d\u00e9claration \u00e0 la presse ses proches et ses amis de la r\u00e9gion ont soulign\u00e9 que le d\u00e9funt \u00e9tait tr\u00e8s estim\u00e9 des habitants de la localit\u00e9.<\/p>\n<p><strong>A. Ghomchi<\/strong><\/p>\n<\/div>\n<div class=\"ModliArtilUne\">\n<ul>\n<li><strong>Publi\u00e9 dans :<\/strong><\/li>\n<\/ul>\n<\/div>\n<div class=\"MbComIns\" id=\"newcom\" readability=\"5.69402985075\">\n<h6>DONNEZ VOTRE AVIS<\/h6>\n<p>Il n&rsquo;y a actuellement aucune r\u00e9action \u00e0 cette information. Soyez le premier \u00e0 r\u00e9agir !<\/p>\n<p><a href=\"\" rel=\"#popup\" class=\"login resetbutton\">Identifiez-vous<\/a><a class=\"button\" href=\"http:\/\/www.elmoudjahid.com\/fr\/inscription\/\"><span>S&rsquo;inscrire<\/span><\/a><\/p>\n<\/div>\n<p>Auteur: elmoudjahid<br \/>\n<a href=\"http:\/\/www.elmoudjahid.com\/fr\/actualites\/144243\">Cliquez ici pour lire l&rsquo;article depuis sa source.<\/a><\/p>\n","protected":false},"excerpt":{"rendered":"<p>C\u2019est dans un climat de tristesse et de recueillement que le militaire B.M 26 ans l\u00e2chement assassin\u00e9 lors de l&rsquo;attentat, \u00e0 Damous pr\u00e9s de Tipaza avec plusieurs de ses coll\u00e8gues, a \u00e9t\u00e9 inhum\u00e9 avec les honneurs, au cimeti\u00e8re de Sidi Abdelkader dans la commune de Hachem, sa ville natale en pr\u00e9sence des autorit\u00e9s civiles et [&hellip;]<\/p>\n","protected":false},"author":1744,"featured_media":0,"comment_status":"closed","ping_status":"closed","sticky":false,"template":"","format":"standard","meta":{"fifu_image_url":"","fifu_image_alt":"","footnotes":""},"categories":[73,53],"tags":[],"class_list":["post-66900","post","type-post","status-publish","format-standard","hentry","category-actualite","category-algerie"],"_links":{"self":[{"href":"https:\/\/linitiative.ca\/International\/wp-json\/wp\/v2\/posts\/66900","targetHints":{"allow":["GET"]}}],"collection":[{"href":"https:\/\/linitiative.ca\/International\/wp-json\/wp\/v2\/posts"}],"about":[{"href":"https:\/\/linitiative.ca\/International\/wp-json\/wp\/v2\/types\/post"}],"author":[{"embeddable":true,"href":"https:\/\/linitiative.ca\/International\/wp-json\/wp\/v2\/users\/1744"}],"replies":[{"embeddable":true,"href":"https:\/\/linitiative.ca\/International\/wp-json\/wp\/v2\/comments?post=66900"}],"version-history":[{"count":0,"href":"https:\/\/linitiative.ca\/International\/wp-json\/wp\/v2\/posts\/66900\/revisions"}],"wp:attachment":[{"href":"https:\/\/linitiative.ca\/International\/wp-json\/wp\/v2\/media?parent=66900"}],"wp:term":[{"taxonomy":"category","embeddable":true,"href":"https:\/\/linitiative.ca\/International\/wp-json\/wp\/v2\/categories?post=66900"},{"taxonomy":"post_tag","embeddable":true,"href":"https:\/\/linitiative.ca\/International\/wp-json\/wp\/v2\/tags?post=66900"}],"curies":[{"name":"wp","href":"https:\/\/api.w.org\/{rel}","templated":true}]}}