{"id":66901,"date":"2019-11-08T12:00:00","date_gmt":"2019-11-08T17:00:00","guid":{"rendered":"https:\/\/linitiative.ca\/International\/nouria-bourihane-installee-au-poste-de-directrice-generale-du-quotidien-horizons\/"},"modified":"2019-11-08T12:00:00","modified_gmt":"2019-11-08T17:00:00","slug":"nouria-bourihane-installee-au-poste-de-directrice-generale-du-quotidien-horizons","status":"publish","type":"post","link":"https:\/\/linitiative.ca\/International\/nouria-bourihane-installee-au-poste-de-directrice-generale-du-quotidien-horizons\/","title":{"rendered":"Nouria Bourihane install\u00e9e  au poste de Directrice  g\u00e9n\u00e9rale du quotidien Horizons"},"content":{"rendered":"<p>La journaliste Nouria Bourihane a \u00e9t\u00e9 install\u00e9e, jeudi, au poste de directrice g\u00e9n\u00e9rale du quotidien francophone Horizons, en remplacement de M.\u2008Larbi Timizar, en pr\u00e9sence du ministre de la Communication, porte parole du Gouvernement et ministre de la Culture par int\u00e9rim, Hassane Rabehi. A cette occasion, M. Rabehi a lou\u00e9 les efforts consentis par M. Timizar dans la direction et la gestion du quotidien Horizons ainsi que son haut sens de responsabilit\u00e9 qui a permis au journal \u00abd&rsquo;occuper une place importante dans le paysage m\u00e9diatique national\u00bb. Affirmant que la comp\u00e9tence et le parcours professionnel de Mme Bourihane l&rsquo;avaient habilit\u00e9e \u00e0 occuper le poste de DG du quotidien o\u00f9 elle a travaill\u00e9 comme journaliste, M. Rabehi a indiqu\u00e9 qu&rsquo;elle s&rsquo;acquittera de cette responsabilit\u00e9 dans cette conjoncture particuli\u00e8re que traverse le pays et en r\u00e9ponse aux exigences du personnel de cette entreprise m\u00e9diatique. Ce titre restera toujours, \u00e0 travers ses contributions, \u00abun rempart devant ceux qui tentent de porter atteinte au pays et ses composantes\u00bb, a-t-il poursuivi. Pour sa part, la nouvelle directrice g\u00e9n\u00e9rale a exprim\u00e9 sa gratitude aux pouvoirs publics pour la confiance plac\u00e9e en sa personne, affirmant son engagement \u00e0 poursuivre le travail pour promouvoir ce journal. Mme Bourihane a \u00e9galement lou\u00e9 les efforts d\u00e9ploy\u00e9s par l&rsquo;ancien DG qui \u00e9tait pour elle \u00abun mod\u00e8le \u00e0 suivre dans le domaine\u00bb. De son c\u00f4t\u00e9, M. Timizar s&rsquo;est f\u00e9licit\u00e9 de l&rsquo;installation d&rsquo;une femme \u00e0 la t\u00eate du quotidien, rappelant qu&rsquo;en sus de son parcours de journaliste pendant des ann\u00e9es \u00e0 Horizons, Mme Bourihane \u00e9tait parmi les premi\u00e8res \u00e0 lancer le site \u00e9lectronique du journal.\u00a0<\/p>\n<p>Auteur: elmoudjahid<br \/>\n<a href=\"http:\/\/www.elmoudjahid.com\/fr\/actualites\/144244\">Cliquez ici pour lire l&rsquo;article depuis sa source.<\/a><\/p>\n","protected":false},"excerpt":{"rendered":"<p>La journaliste Nouria Bourihane a \u00e9t\u00e9 install\u00e9e, jeudi, au poste de directrice g\u00e9n\u00e9rale du quotidien francophone Horizons, en remplacement de M.\u2008Larbi Timizar, en pr\u00e9sence du ministre de la Communication, porte parole du Gouvernement et ministre de la Culture par int\u00e9rim, Hassane Rabehi. A cette occasion, M. Rabehi a lou\u00e9 les efforts consentis par M. Timizar [&hellip;]<\/p>\n","protected":false},"author":1744,"featured_media":0,"comment_status":"closed","ping_status":"closed","sticky":false,"template":"","format":"standard","meta":{"fifu_image_url":"","fifu_image_alt":"","footnotes":""},"categories":[73,53],"tags":[],"class_list":["post-66901","post","type-post","status-publish","format-standard","hentry","category-actualite","category-algerie"],"_links":{"self":[{"href":"https:\/\/linitiative.ca\/International\/wp-json\/wp\/v2\/posts\/66901","targetHints":{"allow":["GET"]}}],"collection":[{"href":"https:\/\/linitiative.ca\/International\/wp-json\/wp\/v2\/posts"}],"about":[{"href":"https:\/\/linitiative.ca\/International\/wp-json\/wp\/v2\/types\/post"}],"author":[{"embeddable":true,"href":"https:\/\/linitiative.ca\/International\/wp-json\/wp\/v2\/users\/1744"}],"replies":[{"embeddable":true,"href":"https:\/\/linitiative.ca\/International\/wp-json\/wp\/v2\/comments?post=66901"}],"version-history":[{"count":0,"href":"https:\/\/linitiative.ca\/International\/wp-json\/wp\/v2\/posts\/66901\/revisions"}],"wp:attachment":[{"href":"https:\/\/linitiative.ca\/International\/wp-json\/wp\/v2\/media?parent=66901"}],"wp:term":[{"taxonomy":"category","embeddable":true,"href":"https:\/\/linitiative.ca\/International\/wp-json\/wp\/v2\/categories?post=66901"},{"taxonomy":"post_tag","embeddable":true,"href":"https:\/\/linitiative.ca\/International\/wp-json\/wp\/v2\/tags?post=66901"}],"curies":[{"name":"wp","href":"https:\/\/api.w.org\/{rel}","templated":true}]}}