{"id":66902,"date":"2019-11-08T15:19:11","date_gmt":"2019-11-08T20:19:11","guid":{"rendered":"https:\/\/linitiative.ca\/International\/attaque-contre-un-convoi-transportant-des-employes-au-burkina-faso-lalgerie-condamne-avec-force-un-lache-acte-terroriste\/"},"modified":"2019-11-08T15:19:11","modified_gmt":"2019-11-08T20:19:11","slug":"attaque-contre-un-convoi-transportant-des-employes-au-burkina-faso-lalgerie-condamne-avec-force-un-lache-acte-terroriste","status":"publish","type":"post","link":"https:\/\/linitiative.ca\/International\/attaque-contre-un-convoi-transportant-des-employes-au-burkina-faso-lalgerie-condamne-avec-force-un-lache-acte-terroriste\/","title":{"rendered":"Attaque contre un convoi transportant des employ\u00e9s au Burkina Faso :  L&rsquo;Alg\u00e9rie condamne avec force un \u00abl\u00e2che acte terroriste\u00bb"},"content":{"rendered":"<div class=\"TxArtcile\" readability=\"28\">\n<div class=\"ImgCapt\"><img loading=\"lazy\" decoding=\"async\" width=\"208\" height=\"208\" src=\"http:\/\/www.elmoudjahid.com\/temp\/fr\/actualite2[144245].jpg\" alt=\"\" \/><span>D.R<\/span><\/div>\n<p>L&rsquo;Alg\u00e9rie a condamn\u00e9 hier avec \u00abforce\u00bb l&rsquo;attaque contre un convoi transportant des employ\u00e9s d&rsquo;une soci\u00e9t\u00e9 mini\u00e8re canadienne dans l&rsquo;est du Burkina Faso faisant, au moins 37 morts et 60 bless\u00e9s, la qualifiant de \u00abl\u00e2che acte terroriste\u00bb. \u00abNous condamnons avec force l\u2019attaque terroriste qui a cibl\u00e9, mercredi 6 novembre, un convoi transportant des employ\u00e9s d&rsquo;une compagnie mini\u00e8re, dans l\u2019Est du Burkina Faso, faisant plusieurs morts et bless\u00e9s\u00bb, a d\u00e9clar\u00e9 le porte-parole du minist\u00e8re des Affaires \u00e9trang\u00e8res, Abdelaziz Benali Cherif. Exprimant la \u00absolidarit\u00e9\u00bb du Gouvernement alg\u00e9rien avec son homologue burkinab\u00e9, le porte-parole du minist\u00e8re des Affaires \u00e9trang\u00e8res s&rsquo;est inclin\u00e9 \u00e0 la m\u00e9moire des victimes de ce \u00abl\u00e2che acte terroriste\u00bb et pr\u00e9sent\u00e9 les condol\u00e9ances aux familles des victimes. \u00abNous r\u00e9it\u00e9rons, face \u00e0 cette nouvelle \u00e9preuve, notre soutien au Burkina-Faso et demeurons convaincus que l\u2019acharnement aveugle et haineux du terrorisme ne saura entamer la d\u00e9termination de ce pays fr\u00e8re \u00e0 mettre en \u00e9chec les plans funestes et destructeurs du terrorisme\u00bb, a-t-il ajout\u00e9. L&rsquo;attaque, men\u00e9e dans la matin\u00e9e de mercredi par \u00abdes individus arm\u00e9s non identifi\u00e9s\u00bb, a vis\u00e9 un convoi de cinq autobus transportant des travailleurs d&rsquo;une mine d&rsquo;or de la soci\u00e9t\u00e9 canadienne Semafo, sur la route Ouragou-Boungou, dans la province de la Tapoa. Cet attaque qui a fait 37 morts civils et 60 bless\u00e9s, selon un bilan provisoire, est la plus meurtri\u00e8re enregistr\u00e9e au Burkina Faso depuis le d\u00e9but des violences terroristes il y a pr\u00e8s de cinq ans..<\/p>\n<\/div>\n<div class=\"ModliArtilUne\">\n<ul>\n<li><strong>Publi\u00e9 dans :<\/strong><\/li>\n<\/ul>\n<\/div>\n<div class=\"MbComIns\" id=\"newcom\" readability=\"5.69402985075\">\n<h6>DONNEZ VOTRE AVIS<\/h6>\n<p>Il n&rsquo;y a actuellement aucune r\u00e9action \u00e0 cette information. Soyez le premier \u00e0 r\u00e9agir !<\/p>\n<p><a href=\"\" rel=\"#popup\" class=\"login resetbutton\">Identifiez-vous<\/a><a class=\"button\" href=\"http:\/\/www.elmoudjahid.com\/fr\/inscription\/\"><span>S&rsquo;inscrire<\/span><\/a><\/p>\n<\/div>\n<p>Auteur: elmoudjahid<br \/>\n<a href=\"http:\/\/www.elmoudjahid.com\/fr\/actualites\/144245\">Cliquez ici pour lire l&rsquo;article depuis sa source.<\/a><\/p>\n","protected":false},"excerpt":{"rendered":"<p>D.R L&rsquo;Alg\u00e9rie a condamn\u00e9 hier avec \u00abforce\u00bb l&rsquo;attaque contre un convoi transportant des employ\u00e9s d&rsquo;une soci\u00e9t\u00e9 mini\u00e8re canadienne dans l&rsquo;est du Burkina Faso faisant, au moins 37 morts et 60 bless\u00e9s, la qualifiant de \u00abl\u00e2che acte terroriste\u00bb. \u00abNous condamnons avec force l\u2019attaque terroriste qui a cibl\u00e9, mercredi 6 novembre, un convoi transportant des employ\u00e9s d&rsquo;une [&hellip;]<\/p>\n","protected":false},"author":1744,"featured_media":66903,"comment_status":"closed","ping_status":"closed","sticky":false,"template":"","format":"standard","meta":{"fifu_image_url":"","fifu_image_alt":"","footnotes":""},"categories":[73,53],"tags":[],"class_list":["post-66902","post","type-post","status-publish","format-standard","has-post-thumbnail","hentry","category-actualite","category-algerie"],"_links":{"self":[{"href":"https:\/\/linitiative.ca\/International\/wp-json\/wp\/v2\/posts\/66902","targetHints":{"allow":["GET"]}}],"collection":[{"href":"https:\/\/linitiative.ca\/International\/wp-json\/wp\/v2\/posts"}],"about":[{"href":"https:\/\/linitiative.ca\/International\/wp-json\/wp\/v2\/types\/post"}],"author":[{"embeddable":true,"href":"https:\/\/linitiative.ca\/International\/wp-json\/wp\/v2\/users\/1744"}],"replies":[{"embeddable":true,"href":"https:\/\/linitiative.ca\/International\/wp-json\/wp\/v2\/comments?post=66902"}],"version-history":[{"count":0,"href":"https:\/\/linitiative.ca\/International\/wp-json\/wp\/v2\/posts\/66902\/revisions"}],"wp:featuredmedia":[{"embeddable":true,"href":"https:\/\/linitiative.ca\/International\/wp-json\/"}],"wp:attachment":[{"href":"https:\/\/linitiative.ca\/International\/wp-json\/wp\/v2\/media?parent=66902"}],"wp:term":[{"taxonomy":"category","embeddable":true,"href":"https:\/\/linitiative.ca\/International\/wp-json\/wp\/v2\/categories?post=66902"},{"taxonomy":"post_tag","embeddable":true,"href":"https:\/\/linitiative.ca\/International\/wp-json\/wp\/v2\/tags?post=66902"}],"curies":[{"name":"wp","href":"https:\/\/api.w.org\/{rel}","templated":true}]}}