{"id":66904,"date":"2019-11-08T15:19:13","date_gmt":"2019-11-08T20:19:13","guid":{"rendered":"https:\/\/linitiative.ca\/International\/diplomatie-agrement-a-la-nomination-des-nouveaux-ambassadeurs-dalgerie-au-chili-en-suisse-et-a-cuba\/"},"modified":"2019-11-08T15:19:13","modified_gmt":"2019-11-08T20:19:13","slug":"diplomatie-agrement-a-la-nomination-des-nouveaux-ambassadeurs-dalgerie-au-chili-en-suisse-et-a-cuba","status":"publish","type":"post","link":"https:\/\/linitiative.ca\/International\/diplomatie-agrement-a-la-nomination-des-nouveaux-ambassadeurs-dalgerie-au-chili-en-suisse-et-a-cuba\/","title":{"rendered":"DIPLOMATIE :  Agr\u00e9ment \u00e0 la nomination des nouveaux ambassadeurs d&rsquo;Alg\u00e9rie au Chili en Suisse et \u00e0 Cuba"},"content":{"rendered":"<p>Le gouvernement chilien a donn\u00e9 son agr\u00e9ment \u00e0 la nomination de M. Berrah Mohamed Sofiane, en qualit\u00e9 d&rsquo;ambassadeur extraordinaire et pl\u00e9nipotentiaire de la R\u00e9publique alg\u00e9rienne d\u00e9mocratique et populaire aupr\u00e8s de la R\u00e9publique de Chili, indique jeudi le minist\u00e8re des Affaires \u00e9trang\u00e8res dans un communiqu\u00e9.<\/p>\n<p><strong>\u00a0\u2026 en Suisse\u2026\u00a0<\/strong><\/p>\n<p>Le gouvernement suisse a donn\u00e9 son agr\u00e9ment \u00e0 la nomination de M. Ali Benzerga, en qualit\u00e9 d&rsquo;ambassadeur extraordinaire et pl\u00e9nipotentiaire de la R\u00e9publique alg\u00e9rienne d\u00e9mocratique et populaire aupr\u00e8s de la Conf\u00e9d\u00e9ration Suisse.<\/p>\n<p><strong>\u00a0\u2026 et \u00e0 Cuba<\/strong><\/p>\n<p>Le Gouvernement cubain a donn\u00e9 son agr\u00e9ment \u00e0 la nomination de M. Kamel Boughaba, en qualit\u00e9 d&rsquo;ambassadeur extraordinaire et pl\u00e9nipotentiaire de la R\u00e9publique alg\u00e9rienne d\u00e9mocratique et populaire aupr\u00e8s de la R\u00e9publique de Cuba.<\/p>\n<p>Auteur: elmoudjahid<br \/>\n<a href=\"http:\/\/www.elmoudjahid.com\/fr\/actualites\/144246\">Cliquez ici pour lire l&rsquo;article depuis sa source.<\/a><\/p>\n","protected":false},"excerpt":{"rendered":"<p>Le gouvernement chilien a donn\u00e9 son agr\u00e9ment \u00e0 la nomination de M. Berrah Mohamed Sofiane, en qualit\u00e9 d&rsquo;ambassadeur extraordinaire et pl\u00e9nipotentiaire de la R\u00e9publique alg\u00e9rienne d\u00e9mocratique et populaire aupr\u00e8s de la R\u00e9publique de Chili, indique jeudi le minist\u00e8re des Affaires \u00e9trang\u00e8res dans un communiqu\u00e9. \u00a0\u2026 en Suisse\u2026\u00a0 Le gouvernement suisse a donn\u00e9 son agr\u00e9ment \u00e0 [&hellip;]<\/p>\n","protected":false},"author":1744,"featured_media":0,"comment_status":"closed","ping_status":"closed","sticky":false,"template":"","format":"standard","meta":{"fifu_image_url":"","fifu_image_alt":"","footnotes":""},"categories":[73,53],"tags":[],"class_list":["post-66904","post","type-post","status-publish","format-standard","hentry","category-actualite","category-algerie"],"_links":{"self":[{"href":"https:\/\/linitiative.ca\/International\/wp-json\/wp\/v2\/posts\/66904","targetHints":{"allow":["GET"]}}],"collection":[{"href":"https:\/\/linitiative.ca\/International\/wp-json\/wp\/v2\/posts"}],"about":[{"href":"https:\/\/linitiative.ca\/International\/wp-json\/wp\/v2\/types\/post"}],"author":[{"embeddable":true,"href":"https:\/\/linitiative.ca\/International\/wp-json\/wp\/v2\/users\/1744"}],"replies":[{"embeddable":true,"href":"https:\/\/linitiative.ca\/International\/wp-json\/wp\/v2\/comments?post=66904"}],"version-history":[{"count":0,"href":"https:\/\/linitiative.ca\/International\/wp-json\/wp\/v2\/posts\/66904\/revisions"}],"wp:attachment":[{"href":"https:\/\/linitiative.ca\/International\/wp-json\/wp\/v2\/media?parent=66904"}],"wp:term":[{"taxonomy":"category","embeddable":true,"href":"https:\/\/linitiative.ca\/International\/wp-json\/wp\/v2\/categories?post=66904"},{"taxonomy":"post_tag","embeddable":true,"href":"https:\/\/linitiative.ca\/International\/wp-json\/wp\/v2\/tags?post=66904"}],"curies":[{"name":"wp","href":"https:\/\/api.w.org\/{rel}","templated":true}]}}