{"id":66906,"date":"2019-11-08T08:07:23","date_gmt":"2019-11-08T13:07:23","guid":{"rendered":"https:\/\/linitiative.ca\/International\/97145-para-athletisme-mondiaux-2019-deux-medailles-dont-une-en-argent-pour-l-algerie\/"},"modified":"2019-11-08T08:07:23","modified_gmt":"2019-11-08T13:07:23","slug":"97145-para-athletisme-mondiaux-2019-deux-medailles-dont-une-en-argent-pour-l-algerie","status":"publish","type":"post","link":"https:\/\/linitiative.ca\/International\/97145-para-athletisme-mondiaux-2019-deux-medailles-dont-une-en-argent-pour-l-algerie\/","title":{"rendered":"Para-athl\u00e9tisme\/Mondiaux-2019 : Deux m\u00e9dailles dont une en argent pour l&rsquo;Alg\u00e9rie  \u00a0"},"content":{"rendered":"<div readability=\"38\">\n<p><strong>\u00a0DUBAI &#8211; Le Para-athl\u00e9tisme alg\u00e9rien s&rsquo;est content\u00e9 de deux m\u00e9dailles dont une argent, sur cinq possible, lors de la premi\u00e8re journ\u00e9e des Championnats du Monde 2019 IPC, ouverts, jeudi au stade d&rsquo;athl\u00e9tisme de Duba\u00ef en Emirats arabes unis.<\/strong><\/p>\n<\/div>\n<div readability=\"173.313109549\">\n<p>La seule cons\u00e9cration alg\u00e9rienne en argent est l&rsquo;\u0153uvre de Sid Ali Bouzourine en finale du 800m (T36) parcourue en 2:15.85, derri\u00e8re le Britannique Paul Blake (2:07.44) et devant l&rsquo;Espagnol Jose Pampano (2:27.70).<\/p>\n<p>Malgr\u00e9 son d\u00e9sir de revenir avec le titre supr\u00eame, le vice-champion du monde alg\u00e9rien a paru satisfait de sa cons\u00e9cration, acquise apr\u00e8s une saison difficile, comme a-t-il expliqu\u00e9 en fin de course.<\/p>\n<blockquote readability=\"12\">\n<p><em><strong>\u00a0\u00bb Je voulais faire mieux, malgr\u00e9 une saison dur pour moi. N\u00e9anmoins, je ne crache pas sur une m\u00e9daille d&rsquo;argent mondiale qui r\u00e9compense, tout de m\u00eame, mes efforts en attendant le 400m\u00a0\u00bb, a indiqu\u00e9 Bouzourine.<\/strong><\/em><\/p>\n<\/blockquote>\n<p>Pour sa part, le champion du monde de l&rsquo;\u00e9preuve du 1500m (T13) Abdellatif Baka s&rsquo;est content\u00e9 de la m\u00e9daille de bronze, jeudi en soir\u00e9e, apr\u00e8s sa 3e place, remport\u00e9e en 3:49.30, devanc\u00e9 par, respectivement, l&rsquo;Australien Jaryd Clifford (3:47.78) et le Russe Anton Kuliatin (3:47.91).<\/p>\n<hr\/>\n<h3 class=\"allmode-title\"><span class=\"c30\">Lire aussi:<\/span>\u00a0<a href=\"http:\/\/www.aps.dz\/sport\/97039-para-athletisme-abdellatif-baka-selectionne-pour-promouvoir-les-objectifs-de-developpement-durable\">Para-athl\u00e9tisme: Abdellatif Baka, s\u00e9lectionn\u00e9 pour promouvoir les objectifs de d\u00e9veloppement durable<\/a><\/h3>\n<hr\/>\n<p>Cette contre-performance de Baka qui perd ainsi titre acquis en 2017 \u00e0 Londres, \u00e9tait attendue, par les observateurs, en raison des perturbations que l&rsquo;athl\u00e8te a connu depuis plus de deux ann\u00e9es et qui ont eu raison de son rendement.<\/p>\n<p>\u00a0\u00bb Aujourd&rsquo;hui, le manque de comp\u00e9tition dont j&rsquo;ai souffert, a eu raison de ma prestation d&rsquo;o\u00f9 les erreurs tactiques que j&rsquo;ai commis. J&rsquo;avais la mission de d\u00e9fendre mon titre de 2017, mais, que c&rsquo;\u00e9tait difficile!\u00a0\u00bb, a d\u00e9clar\u00e9, Abdellatif Baka sur sa page Facebook, demandant des excuses \u00e0 ses fans, mais au m\u00eame temps, promettant qu&rsquo;il tacherait de faire mieux \u00e0 Tokyo-2020, lors des Jeux Paralympiques.<\/p>\n<p>Au contraire de Bouzourine et Baka, leurs compatriotes Samir Nouioua, Mohamed Berrahal et Bachir Mourad n&rsquo;ont pas pu r\u00e9aliser les r\u00e9sultats escompt\u00e9s, lors des finales de la premi\u00e8re journ\u00e9e.<\/p>\n<p>Engag\u00e9 en finale du 1500m (T46), Samir Nouioua, champion Paralympique en titre de la distance, a piteusement \u00e9chou\u00e9 dans sa course, se classant 9e sur 15 concurrents, avec un chrono \u00e0 4:04.68.<\/p>\n<p>Le Bulgare Hristiyan Stoyanov s&rsquo;est adjug\u00e9 la m\u00e9daille d&rsquo;or en 3:50.87, devant l&rsquo;Australien Michael Roeger (3:51.99) et le Russe Aleksander Iaremchuk (3:54.40).<\/p>\n<p>Pour sa part, Mohamed Berrahal a \u00e9t\u00e9 disqualifi\u00e9, pour faute technique, lors de la finale du 100m, classe T51.<\/p>\n<p>Le podium de la course est revenu, respectivement, \u00e0 Toni Piispanen (Finlande) en 20.33, devant le Belge Peter Genyn (20.50) et le Mexicain Sanchez Navarro (22.48), dominateurs de l&rsquo;\u00e9preuve depuis des ann\u00e9es.<\/p>\n<p>De son c\u00f4t\u00e9, Mourad Bachir s&rsquo;est content\u00e9 d&rsquo;une 6e position au lancer de poids (F55) avec un lancer \u00e0 10,80m, r\u00e9alis\u00e9 lors d&rsquo;un essai, des deux qu&rsquo;il a r\u00e9ussi sur les six dont il disposait. Bachir n&rsquo;a pu \u00e9galer le jet \u00e0 11,46m qu&rsquo;il avait assur\u00e9 en juin 2019 en Tunisie.<\/p>\n<p>Le titre mondial du concours a \u00e9t\u00e9 remport\u00e9 par le Bulgare Ruzhdi Ruzhdi (12,25m), devant le Polonais Lech Stoltman (12,22m) et le Serbe Nebojsa Duric (12,15m).<\/p>\n<p>La premi\u00e8re journ\u00e9e des Mondiaux de Para-athl\u00e9tisme a permis de faire disputer plusieurs \u00e9preuves et concours dont des \u00e9liminatoires auxquelles, des athl\u00e8tes alg\u00e9riens se sont qualifi\u00e9s pour les finales de concours sans passer par les qualifications, comme de coutume.<\/p>\n<p>Kamel Kardjena qui prendra part directement \u00e0 la finale du lancer de poids, classe F33, o\u00f9 il sera face \u00e0 douze autres concurrents pour un podium souhait\u00e9, jeudi prochain.<\/p>\n<p>Ses deux compatriotes, Djelal Safia et Nassima Sa\u00effi concurrent pour le podium du disque, classes F56\/57, en finale programm\u00e9e, samedi. Les deux athl\u00e8tes se joindront \u00e0 Nadia Medjmedj pour la finale du Poids (F56\/57), pr\u00e9vue mercredi prochain.<\/p>\n<p>Nadia Medjmedj s&rsquo;est aussi qualifi\u00e9es en finale du Javelot (F56), pr\u00e9vue lundi, sans passer par les \u00e9liminatoires qui ont eu vendredi matin, et qui ont permis de compl\u00e9ter le tableau des huit pour la finale.<\/p>\n<p>Pour leur part, Mounia Gasmi (F32) et Lynda Hamri, disputeront vendredi en soir\u00e9e, les finales de leurs concours respectifs,le lancer du Club et la Longueur.<\/p>\n<p><strong>Programme des comp\u00e9titions des alg\u00e9riens pour samedi 9 novembre 2019:<\/strong><\/p>\n<p>Club F31\/32: Farhah Salah, Ahmed Mehideb, Bahlaz Lahouari (Finale)<\/p>\n<p>400m T37: Hamdi Sofiane (s\u00e9ries)<\/p>\n<p>Disque F56\/57: Finale<\/p>\n<p>Javelot F12\/13: Benallou Bakhta (Finale)<\/p>\n<p>Javelot F46: Boukoufa Achoura (Finale)<\/p>\n<p>Poids F32: Gasmi Mounia (Finale).<\/p>\n<\/div>\n<p>Auteur:<br \/>\n<a href=\"http:\/\/www.aps.dz\/sport\/97145-para-athletisme-mondiaux-2019-deux-medailles-dont-une-en-argent-pour-l-algerie?utm_source=feedburner&#038;utm_medium=feed&#038;utm_campaign=Feed%3A+aps-sport+%28APS+-+SPORT%29\">Cliquez ici pour lire l&rsquo;article depuis sa source.<\/a><\/p>\n","protected":false},"excerpt":{"rendered":"<p>\u00a0DUBAI &#8211; Le Para-athl\u00e9tisme alg\u00e9rien s&rsquo;est content\u00e9 de deux m\u00e9dailles dont une argent, sur cinq possible, lors de la premi\u00e8re journ\u00e9e des Championnats du Monde 2019 IPC, ouverts, jeudi au stade d&rsquo;athl\u00e9tisme de Duba\u00ef en Emirats arabes unis. La seule cons\u00e9cration alg\u00e9rienne en argent est l&rsquo;\u0153uvre de Sid Ali Bouzourine en finale du 800m (T36) [&hellip;]<\/p>\n","protected":false},"author":1790,"featured_media":0,"comment_status":"closed","ping_status":"closed","sticky":false,"template":"","format":"standard","meta":{"fifu_image_url":"","fifu_image_alt":"","footnotes":""},"categories":[53,75],"tags":[],"class_list":["post-66906","post","type-post","status-publish","format-standard","hentry","category-algerie","category-sport"],"_links":{"self":[{"href":"https:\/\/linitiative.ca\/International\/wp-json\/wp\/v2\/posts\/66906","targetHints":{"allow":["GET"]}}],"collection":[{"href":"https:\/\/linitiative.ca\/International\/wp-json\/wp\/v2\/posts"}],"about":[{"href":"https:\/\/linitiative.ca\/International\/wp-json\/wp\/v2\/types\/post"}],"author":[{"embeddable":true,"href":"https:\/\/linitiative.ca\/International\/wp-json\/wp\/v2\/users\/1790"}],"replies":[{"embeddable":true,"href":"https:\/\/linitiative.ca\/International\/wp-json\/wp\/v2\/comments?post=66906"}],"version-history":[{"count":0,"href":"https:\/\/linitiative.ca\/International\/wp-json\/wp\/v2\/posts\/66906\/revisions"}],"wp:attachment":[{"href":"https:\/\/linitiative.ca\/International\/wp-json\/wp\/v2\/media?parent=66906"}],"wp:term":[{"taxonomy":"category","embeddable":true,"href":"https:\/\/linitiative.ca\/International\/wp-json\/wp\/v2\/categories?post=66906"},{"taxonomy":"post_tag","embeddable":true,"href":"https:\/\/linitiative.ca\/International\/wp-json\/wp\/v2\/tags?post=66906"}],"curies":[{"name":"wp","href":"https:\/\/api.w.org\/{rel}","templated":true}]}}