{"id":66908,"date":"2019-11-08T12:56:00","date_gmt":"2019-11-08T17:56:00","guid":{"rendered":"https:\/\/linitiative.ca\/International\/97160-para-athletisme-mondiaux-2019-deux-nouvelles-medailles-d-argent-pour-l-algerie\/"},"modified":"2019-11-08T12:56:00","modified_gmt":"2019-11-08T17:56:00","slug":"97160-para-athletisme-mondiaux-2019-deux-nouvelles-medailles-d-argent-pour-l-algerie","status":"publish","type":"post","link":"https:\/\/linitiative.ca\/International\/97160-para-athletisme-mondiaux-2019-deux-nouvelles-medailles-d-argent-pour-l-algerie\/","title":{"rendered":"Para-athl\u00e9tisme\/Mondiaux-2019 : deux nouvelles m\u00e9dailles d&rsquo;argent pour l&rsquo;Alg\u00e9rie"},"content":{"rendered":"<p><span class=\"sp-nh-title\">Para-athl\u00e9tisme\/Mondiaux-2019 : deux nouvelles m\u00e9dailles d&rsquo;argent pour l&rsquo;Alg\u00e9rie<\/span> &#8211; <span class=\"sp-nh-date\">vendredi 8 novembre 2019 18:56<\/span><\/p>\n<p><span class=\"sp-nh-title\">Une forte volont\u00e9 en Alg\u00e9rie pour d\u00e9velopper le secteur de la p\u00eache et de l\u2019aquaculture<\/span> &#8211; <span class=\"sp-nh-date\">vendredi 8 novembre 2019 18:50<\/span><\/p>\n<p><span class=\"sp-nh-title\">Festivit\u00e9s populaires de c\u00e9l\u00e9bration du Mawlid Ennaboui \u00e0 B\u00e9ni-Abbes<\/span> &#8211; <span class=\"sp-nh-date\">vendredi 8 novembre 2019 18:11<\/span><\/p>\n<p><span class=\"sp-nh-title\">Bouira: 70 exposants participent \u00e0 la foire locale de l\u2019artisanat traditionnel<\/span> &#8211; <span class=\"sp-nh-date\">vendredi 8 novembre 2019 18:06<\/span><\/p>\n<p><span class=\"sp-nh-title\">Rugby \/Tournoi arabe: la s\u00e9lection alg\u00e9rienne d\u00e9marre par une victoire et deux d\u00e9faites<\/span> &#8211; <span class=\"sp-nh-date\">vendredi 8 novembre 2019 17:57<\/span><\/p>\n<p><span class=\"sp-nh-title\">Soudan du Sud: 100 jours pour la formation d&rsquo;un gouvernement d&rsquo;union<\/span> &#8211; <span class=\"sp-nh-date\">vendredi 8 novembre 2019 17:37<\/span><\/p>\n<p><span class=\"sp-nh-title\">Bladehane s&rsquo;entretient avec le vice-ministre des Affaires \u00e9trang\u00e8res tanzanien<\/span> &#8211; <span class=\"sp-nh-date\">vendredi 8 novembre 2019 17:26<\/span><\/p>\n<p><span class=\"sp-nh-title\">Pr\u00e9sidentielle: la liste d\u00e9finitive des candidats sera d\u00e9voil\u00e9e dans les prochaines heures<\/span> &#8211; <span class=\"sp-nh-date\">vendredi 8 novembre 2019 17:13<\/span><\/p>\n<p><span class=\"sp-nh-title\">L&rsquo;Alg\u00e9rie n&rsquo;a cess\u00e9 d&rsquo;appeler les partenaires de l&rsquo;Afrique \u00e0 \u00eatre \u00e0 l&rsquo;\u00e9coute des Africains<\/span> &#8211; <span class=\"sp-nh-date\">vendredi 8 novembre 2019 16:30<\/span><\/p>\n<p><span class=\"sp-nh-title\">L\u00e9gislatives en Tunisie: l&rsquo;instance \u00e9lectorale confirme la victoire du parti Ennahdha<\/span> &#8211; <span class=\"sp-nh-date\">vendredi 8 novembre 2019 16:24<\/span><\/p>\n<p><span class=\"sp-nh-title\">Bladehane prend part \u00e0 la 18\u00e8me r\u00e9union minist\u00e9rielle Afrique-Pays nordiques<\/span> &#8211; <span class=\"sp-nh-date\">vendredi 8 novembre 2019 16:09<\/span><\/p>\n<p><span class=\"sp-nh-title\">Sila: ventes en berne, programmation al\u00e9atoire mais un public toujours\u00a0pr\u00e9sent\u00a0\u00a0<\/span> &#8211; <span class=\"sp-nh-date\">vendredi 8 novembre 2019 15:54<\/span><\/p>\n<p><span class=\"sp-nh-title\">\u00a0FICA: projection lundi en avant-premi\u00e8re du film La fausse saison<\/span> &#8211; <span class=\"sp-nh-date\">vendredi 8 novembre 2019 15:41<\/span><\/p>\n<p><span class=\"sp-nh-title\">Des pluies orageuses sur le nord du pays vendredi et samedi\u00a0<\/span> &#8211; <span class=\"sp-nh-date\">vendredi 8 novembre 2019 15:33<\/span><\/p>\n<p><span class=\"sp-nh-title\">D\u00e9couvertes de quatre casemates pour terroristes \u00e0 Batna\u00a0<\/span> &#8211; <span class=\"sp-nh-date\">vendredi 8 novembre 2019 15:22<\/span><\/p>\n<p><span class=\"sp-nh-title\">Para-athl\u00e9tisme\/Mondiaux-2019 : Deux m\u00e9dailles dont une en argent pour l&rsquo;Alg\u00e9rie \u00a0<\/span> &#8211; <span class=\"sp-nh-date\">vendredi 8 novembre 2019 14:07<\/span><\/p>\n<p><span class=\"sp-nh-title\">Passer de l&rsquo;aide sociale g\u00e9n\u00e9ralis\u00e9e \u00e0 l&rsquo;aide cibl\u00e9e r\u00e9duira largement le d\u00e9ficit budg\u00e9taire<\/span> &#8211; <span class=\"sp-nh-date\">vendredi 8 novembre 2019 14:03<\/span><\/p>\n<p><span class=\"sp-nh-title\">Attaque au Burkina Faso: l&rsquo;Alg\u00e9rie condamne avec force un l\u00e2che acte terroriste<\/span> &#8211; <span class=\"sp-nh-date\">vendredi 8 novembre 2019 13:36<\/span><\/p>\n<p><span class=\"sp-nh-title\">Engraissement du thon rouge: une potentielle coop\u00e9ration entre l\u2019Alg\u00e9rie et la Croatie<\/span> &#8211; <span class=\"sp-nh-date\">vendredi 8 novembre 2019 13:31<\/span><\/p>\n<p><span class=\"sp-nh-title\">le taux d\u2019assurance des corps de navires de p\u00eache et des bateaux de plaisance avoisine les 25%<\/span> &#8211; <span class=\"sp-nh-date\">vendredi 8 novembre 2019 13:20<\/span><\/p>\n<p>Auteur:<br \/>\n<a href=\"http:\/\/www.aps.dz\/sport\/97160-para-athletisme-mondiaux-2019-deux-nouvelles-medailles-d-argent-pour-l-algerie?utm_source=feedburner&#038;utm_medium=feed&#038;utm_campaign=Feed%3A+aps-sport+%28APS+-+SPORT%29\">Cliquez ici pour lire l&rsquo;article depuis sa source.<\/a><\/p>\n","protected":false},"excerpt":{"rendered":"<p>Para-athl\u00e9tisme\/Mondiaux-2019 : deux nouvelles m\u00e9dailles d&rsquo;argent pour l&rsquo;Alg\u00e9rie &#8211; vendredi 8 novembre 2019 18:56 Une forte volont\u00e9 en Alg\u00e9rie pour d\u00e9velopper le secteur de la p\u00eache et de l\u2019aquaculture &#8211; vendredi 8 novembre 2019 18:50 Festivit\u00e9s populaires de c\u00e9l\u00e9bration du Mawlid Ennaboui \u00e0 B\u00e9ni-Abbes &#8211; vendredi 8 novembre 2019 18:11 Bouira: 70 exposants participent \u00e0 [&hellip;]<\/p>\n","protected":false},"author":1790,"featured_media":0,"comment_status":"closed","ping_status":"closed","sticky":false,"template":"","format":"standard","meta":{"fifu_image_url":"","fifu_image_alt":"","footnotes":""},"categories":[53,75],"tags":[],"class_list":["post-66908","post","type-post","status-publish","format-standard","hentry","category-algerie","category-sport"],"_links":{"self":[{"href":"https:\/\/linitiative.ca\/International\/wp-json\/wp\/v2\/posts\/66908","targetHints":{"allow":["GET"]}}],"collection":[{"href":"https:\/\/linitiative.ca\/International\/wp-json\/wp\/v2\/posts"}],"about":[{"href":"https:\/\/linitiative.ca\/International\/wp-json\/wp\/v2\/types\/post"}],"author":[{"embeddable":true,"href":"https:\/\/linitiative.ca\/International\/wp-json\/wp\/v2\/users\/1790"}],"replies":[{"embeddable":true,"href":"https:\/\/linitiative.ca\/International\/wp-json\/wp\/v2\/comments?post=66908"}],"version-history":[{"count":0,"href":"https:\/\/linitiative.ca\/International\/wp-json\/wp\/v2\/posts\/66908\/revisions"}],"wp:attachment":[{"href":"https:\/\/linitiative.ca\/International\/wp-json\/wp\/v2\/media?parent=66908"}],"wp:term":[{"taxonomy":"category","embeddable":true,"href":"https:\/\/linitiative.ca\/International\/wp-json\/wp\/v2\/categories?post=66908"},{"taxonomy":"post_tag","embeddable":true,"href":"https:\/\/linitiative.ca\/International\/wp-json\/wp\/v2\/tags?post=66908"}],"curies":[{"name":"wp","href":"https:\/\/api.w.org\/{rel}","templated":true}]}}