{"id":66910,"date":"2019-11-08T11:47:00","date_gmt":"2019-11-08T16:47:00","guid":{"rendered":"https:\/\/linitiative.ca\/International\/la-seance-pleniere-douverture-de-la-2e-legislature-de-larp-se-tiendra-le-13-novembre\/"},"modified":"2019-11-08T11:47:00","modified_gmt":"2019-11-08T16:47:00","slug":"la-seance-pleniere-douverture-de-la-2e-legislature-de-larp-se-tiendra-le-13-novembre","status":"publish","type":"post","link":"https:\/\/linitiative.ca\/International\/la-seance-pleniere-douverture-de-la-2e-legislature-de-larp-se-tiendra-le-13-novembre\/","title":{"rendered":"La s\u00e9ance pl\u00e9ni\u00e8re d&rsquo;ouverture de la 2e l\u00e9gislature de l&rsquo;ARP se tiendra le 13 novembre"},"content":{"rendered":"<p>Le pr\u00e9sident sortant de l&rsquo;Assembl\u00e9e des repr\u00e9sentants du peuple, Abdelfattah Mourou, a annonc\u00e9 que l\u2019ISIE lui a fait parvenir les r\u00e9sultats d\u00e9finitifs des \u00e9lections l\u00e9gislatives. En foi de quoi, il a convi\u00e9 les nouveaux d\u00e9put\u00e9s \u00e0 la s\u00e9ance pl\u00e9ni\u00e8re d&rsquo;ouverture de la 2\u00e8me l\u00e9gislature 2019-2024 qui se tiendra mercredi 13 novembre. Cette s\u00e9ance sera l\u2019occasion pour les d\u00e9put\u00e9s de prendre officiellement leurs fonctions. Le pr\u00e9sident sortant a appel\u00e9 les d\u00e9put\u00e9s \u00e0 r\u00e9pondre aux attentes des citoyens et \u00e0 plancher sur le projet de loi de finances et le budget 2020.<\/p>\n<h2>Les r\u00e9sultats d\u00e9finitifs des \u00e9lections l\u00e9gislatives<\/h2>\n<ul>\n<li>Ennahdha : 52 si\u00e8ges<\/li>\n<li>Au Coeur de la Tunisie: 38 si\u00e8ges<\/li>\n<li>Le Courant d\u00e9mocrate: 22 si\u00e8ges<\/li>\n<li>La Coalition Al-Karama: 21 si\u00e8ges<\/li>\n<li>Le Parti Destourien Libre: 17 si\u00e8ges<\/li>\n<li>Le mouvement Echa\u00e2b: 15 si\u00e8ges<\/li>\n<li>Tahya Tounes: 14 si\u00e8ges<\/li>\n<li>Machrou Tounes: 4 si\u00e8ges<\/li>\n<li>Errahma: 4 si\u00e8ges<\/li>\n<li>Nidaa Toun\u00e8s: 3 si\u00e8ges<\/li>\n<li>L&rsquo;Union Populaire R\u00e9publicaine :3 si\u00e8ges<\/li>\n<li>Parti Al-Badil: 3 si\u00e8ges<\/li>\n<li>Afek Toun\u00e8s: 2 si\u00e8ges<\/li>\n<li>L&rsquo;Union D\u00e9mocratique et Sociale :1 si\u00e8ge<\/li>\n<li>Le Front populaire: 1 si\u00e8ge.<\/li>\n<\/ul>\n<p>Les listes ind\u00e9pendantes ont obtenu chacune un si\u00e8ge.<\/p>\n<p>Auteur:<br \/>\n<a href=\"https:\/\/www.leaders.com.tn\/article\/28377-la-seance-pleniere-d-ouverture-de-la-2e-legislature-de-l-arp-se-tiendra-le-13-novembre\">Cliquez ici pour lire l&rsquo;article depuis sa source.<\/a><\/p>\n","protected":false},"excerpt":{"rendered":"<p>Le pr\u00e9sident sortant de l&rsquo;Assembl\u00e9e des repr\u00e9sentants du peuple, Abdelfattah Mourou, a annonc\u00e9 que l\u2019ISIE lui a fait parvenir les r\u00e9sultats d\u00e9finitifs des \u00e9lections l\u00e9gislatives. En foi de quoi, il a convi\u00e9 les nouveaux d\u00e9put\u00e9s \u00e0 la s\u00e9ance pl\u00e9ni\u00e8re d&rsquo;ouverture de la 2\u00e8me l\u00e9gislature 2019-2024 qui se tiendra mercredi 13 novembre. Cette s\u00e9ance sera l\u2019occasion [&hellip;]<\/p>\n","protected":false},"author":1772,"featured_media":0,"comment_status":"closed","ping_status":"closed","sticky":false,"template":"","format":"standard","meta":{"fifu_image_url":"","fifu_image_alt":"","footnotes":""},"categories":[73,55],"tags":[],"class_list":["post-66910","post","type-post","status-publish","format-standard","hentry","category-actualite","category-tunisie"],"_links":{"self":[{"href":"https:\/\/linitiative.ca\/International\/wp-json\/wp\/v2\/posts\/66910","targetHints":{"allow":["GET"]}}],"collection":[{"href":"https:\/\/linitiative.ca\/International\/wp-json\/wp\/v2\/posts"}],"about":[{"href":"https:\/\/linitiative.ca\/International\/wp-json\/wp\/v2\/types\/post"}],"author":[{"embeddable":true,"href":"https:\/\/linitiative.ca\/International\/wp-json\/wp\/v2\/users\/1772"}],"replies":[{"embeddable":true,"href":"https:\/\/linitiative.ca\/International\/wp-json\/wp\/v2\/comments?post=66910"}],"version-history":[{"count":0,"href":"https:\/\/linitiative.ca\/International\/wp-json\/wp\/v2\/posts\/66910\/revisions"}],"wp:attachment":[{"href":"https:\/\/linitiative.ca\/International\/wp-json\/wp\/v2\/media?parent=66910"}],"wp:term":[{"taxonomy":"category","embeddable":true,"href":"https:\/\/linitiative.ca\/International\/wp-json\/wp\/v2\/categories?post=66910"},{"taxonomy":"post_tag","embeddable":true,"href":"https:\/\/linitiative.ca\/International\/wp-json\/wp\/v2\/tags?post=66910"}],"curies":[{"name":"wp","href":"https:\/\/api.w.org\/{rel}","templated":true}]}}