{"id":66914,"date":"2019-11-08T16:15:00","date_gmt":"2019-11-08T21:15:00","guid":{"rendered":"https:\/\/linitiative.ca\/International\/ridha-chalghoum-rene-trabelsi-taoufik-rajhi-et-radhouane-ayara-assureront-linterim-des-ministres-elus-deputes\/"},"modified":"2019-11-08T16:15:00","modified_gmt":"2019-11-08T21:15:00","slug":"ridha-chalghoum-rene-trabelsi-taoufik-rajhi-et-radhouane-ayara-assureront-linterim-des-ministres-elus-deputes","status":"publish","type":"post","link":"https:\/\/linitiative.ca\/International\/ridha-chalghoum-rene-trabelsi-taoufik-rajhi-et-radhouane-ayara-assureront-linterim-des-ministres-elus-deputes\/","title":{"rendered":"Ridha Chalghoum, Ren\u00e9 Trabelsi, Taoufik Rajhi et Radhouane Ayara assureront l\u2019int\u00e9rim des ministres \u00e9lus d\u00e9put\u00e9s"},"content":{"rendered":"<p>Maintenant que les r\u00e9sultats d\u00e9finitifs des \u00e9lections l\u00e9gislatives ont \u00e9t\u00e9 proclam\u00e9s par l\u2019ISIE, il fallait pourvoir au minist\u00e8res devenus vacant suite \u00e0 l\u2019\u00e9lection de leurs titulaires d\u00e9put\u00e9s \u00e0 l\u2019ARP. Diff\u00e9rentes options \u00e9taient envisag\u00e9es depuis le 6 octobre, la version d\u00e9finitive vient d\u2019\u00eatre annonc\u00e9e par la Kasbah, comme suit\u00a0:<\/p>\n<ul>\n<li><span class=\"c2\"><strong>Ridha Chalghoum,<\/strong><\/span> ministre des Finances coiffera d\u00e9sormais en plus, le minist\u00e8re du D\u00e9veloppement, de l\u2019Investissement et de la Coop\u00e9ration internationale, jusque-l\u00e0 d\u00e9tenu par <span class=\"c2\"><strong>Zied Ladhari.<\/strong><\/span> Un remembrement naturel de ce qu\u2019\u00e9tait sous Nouira avec Mansour Moalla, du Plan et des Finances.<\/li>\n<li><span class=\"c2\"><strong>Ren\u00e9 Trabelsi,<\/strong><\/span> ministre du Tourisme et de l\u2019Artisanat, r\u00e9cup\u00e8re tout naturellement le Transport, o\u00f9 officiait <strong><span class=\"c2\">Hichem Ben Ahmed<\/span><\/strong>. Que vaut le tourisme, sans le transport, comme le disait souvent feu Aziz Milad.<\/li>\n<li><span class=\"c2\"><strong>Taoufik Rajhi,<\/strong><\/span> ministre charg\u00e9 des R\u00e9formes obtient le minist\u00e8re de la Formation professionnelle et de l\u2019Emploi, dirig\u00e9 jusque-l\u00e0 par <span class=\"c2\"><strong>Sayda Ounissi.<\/strong><\/span><\/li>\n<li><strong><span class=\"c2\">Radhouan Ayara,<\/span><\/strong> ministre des Tunisiens \u00e0 l\u2019\u00e9tranger, supervisera le minist\u00e8re du Domaine de l\u2019Etat, d\u00e9tenu par <span class=\"c2\"><strong>H\u00e9di Mekni<\/strong><\/span>.<\/li>\n<\/ul>\n<p>Pour m\u00e9moire, <span class=\"c2\"><strong>Karim Jamoussi,<\/strong><\/span> ministre de la Justice officie \u00e9galement \u00e0 la t\u00eate de la D\u00e9fense, suite \u00e0 la d\u00e9mission de <strong><span class=\"c2\">Abdelkarim Zebidi<\/span><\/strong>, et <span class=\"c2\"><strong>Sabri Bachtobji<\/strong><\/span>, secr\u00e9taire d\u2019Etat aux Affaires \u00e9trang\u00e8res assure l\u2019int\u00e9rim du ministre d\u00e9missionnaire, <strong><span class=\"c2\">Khemaies Jhinaoui<\/span><\/strong>\u2026<\/p>\n<p>Auteur:<br \/>\n<a href=\"https:\/\/www.leaders.com.tn\/article\/28381-ridha-chalghoum-rene-trabelsi-taoufik-rajhi-et-radhouane-ayara-assureront-l-interim-des-ministres-elus-deputes\">Cliquez ici pour lire l&rsquo;article depuis sa source.<\/a><\/p>\n","protected":false},"excerpt":{"rendered":"<p>Maintenant que les r\u00e9sultats d\u00e9finitifs des \u00e9lections l\u00e9gislatives ont \u00e9t\u00e9 proclam\u00e9s par l\u2019ISIE, il fallait pourvoir au minist\u00e8res devenus vacant suite \u00e0 l\u2019\u00e9lection de leurs titulaires d\u00e9put\u00e9s \u00e0 l\u2019ARP. Diff\u00e9rentes options \u00e9taient envisag\u00e9es depuis le 6 octobre, la version d\u00e9finitive vient d\u2019\u00eatre annonc\u00e9e par la Kasbah, comme suit\u00a0: Ridha Chalghoum, ministre des Finances coiffera d\u00e9sormais [&hellip;]<\/p>\n","protected":false},"author":1772,"featured_media":0,"comment_status":"closed","ping_status":"closed","sticky":false,"template":"","format":"standard","meta":{"fifu_image_url":"","fifu_image_alt":"","footnotes":""},"categories":[73,55],"tags":[],"class_list":["post-66914","post","type-post","status-publish","format-standard","hentry","category-actualite","category-tunisie"],"_links":{"self":[{"href":"https:\/\/linitiative.ca\/International\/wp-json\/wp\/v2\/posts\/66914","targetHints":{"allow":["GET"]}}],"collection":[{"href":"https:\/\/linitiative.ca\/International\/wp-json\/wp\/v2\/posts"}],"about":[{"href":"https:\/\/linitiative.ca\/International\/wp-json\/wp\/v2\/types\/post"}],"author":[{"embeddable":true,"href":"https:\/\/linitiative.ca\/International\/wp-json\/wp\/v2\/users\/1772"}],"replies":[{"embeddable":true,"href":"https:\/\/linitiative.ca\/International\/wp-json\/wp\/v2\/comments?post=66914"}],"version-history":[{"count":0,"href":"https:\/\/linitiative.ca\/International\/wp-json\/wp\/v2\/posts\/66914\/revisions"}],"wp:attachment":[{"href":"https:\/\/linitiative.ca\/International\/wp-json\/wp\/v2\/media?parent=66914"}],"wp:term":[{"taxonomy":"category","embeddable":true,"href":"https:\/\/linitiative.ca\/International\/wp-json\/wp\/v2\/categories?post=66914"},{"taxonomy":"post_tag","embeddable":true,"href":"https:\/\/linitiative.ca\/International\/wp-json\/wp\/v2\/tags?post=66914"}],"curies":[{"name":"wp","href":"https:\/\/api.w.org\/{rel}","templated":true}]}}