{"id":66916,"date":"2019-11-08T10:39:19","date_gmt":"2019-11-08T15:39:19","guid":{"rendered":"https:\/\/linitiative.ca\/International\/tajeddine-el-husseini-le-maroc-est-passe-dune-logique-defensive-a-une-strategie-offensive\/"},"modified":"2019-11-08T10:39:19","modified_gmt":"2019-11-08T15:39:19","slug":"tajeddine-el-husseini-le-maroc-est-passe-dune-logique-defensive-a-une-strategie-offensive","status":"publish","type":"post","link":"https:\/\/linitiative.ca\/International\/tajeddine-el-husseini-le-maroc-est-passe-dune-logique-defensive-a-une-strategie-offensive\/","title":{"rendered":"Tajeddine El Husseini : \u201cLe Maroc est pass\u00e9 d\u2019une logique d\u00e9fensive \u00e0 une strat\u00e9gie offensive\u201d"},"content":{"rendered":"<p><strong>Fin connaisseur de la question du Sahara marocain, le professeur universitaire nous livre dans cette interview sa lecture de la situation de ce dossier \u00e0 la lumi\u00e8re des diff\u00e9rents d\u00e9veloppements qui pointent \u00e0 l\u2019horizon.\u00a0<\/strong><\/p>\n<div class=\"c10\"\/>\n<p><strong>Challenge : En Alg\u00e9rie, Amar Sa\u00e2dani, ancien Secr\u00e9taire g\u00e9n\u00e9ral du FLN, a cr\u00e9\u00e9 la surprise, le jeudi 17 octobre 2019, en se pronon\u00e7ant \u00e0 contre-courant de la position officielle du pays sur la question du Sahara Occidental. Il estime que le territoire dont la souverainet\u00e9 est contest\u00e9e par le Polisario revient historiquement au Maroc. Quelle analyse faites-vous de cette sortie de Sa\u00e2dani qui rejoint ainsi d\u2019autres formations politiques, notamment islamistes, qui se sont exprim\u00e9es dans le m\u00eame sens ?<\/strong><\/p>\n<p><strong>Tajeddine El Husseini<\/strong> : Ce qu\u2019a dit Amar Sa\u00e2dani n\u2019est pas nouveau en ce qui concerne la position de l\u2019intelligencia et des intellectuels alg\u00e9riens. Personnellement, j\u2019ai eu l\u2019occasion de participer \u00e0 de nombreuses conf\u00e9rences internationales avec des Am\u00e9ricains et autres et de rencontrer des intellectuels alg\u00e9riens. Et dans leur grande majorit\u00e9, ils ont presque tous la m\u00eame position, c\u2019est-\u00e0-dire que le Sahara est marocain, et ce que l\u2019Etat en Alg\u00e9rie est en train de mettre en \u0153uvre comme politique de voisinage n\u2019est pas acceptable dans aucun pays du monde entier. A tel point, qu\u2019ils donnent souvent l\u2019exemple de la Cor\u00e9e du Sud et du Nord qui ont fini par coop\u00e9rer et exploiter m\u00eame les fronti\u00e8res de part et d\u2019autre, en tant que zones d\u2019investissement et de prosp\u00e9rit\u00e9 \u00e9conomique. Amar S\u00e2adani est un homme de principe qui a exprim\u00e9 sa position. Il faut rappeler qu\u2019en 2015, dans une interview qui a \u00e9t\u00e9 r\u00e9alis\u00e9e par une cha\u00eene de t\u00e9l\u00e9vision (Nahar) qui a toujours pris position contre le Maroc, il avait bel et bien d\u00e9clar\u00e9 qu\u2019il a sa position sur cette question et qu\u2019il ne pouvait pas le dire dans cette interview, car il risquait d\u2019entrainer des protestations dans la rue. Et donc en 2019, je pense qu\u2019il a senti que le moment est arriv\u00e9 pour le dire publiquement, et il l\u2019a fait. Il a aussi d\u00e9nonc\u00e9 dans cette interview les d\u00e9penses colossales que l\u2019Etat alg\u00e9rien faisait au nom du peuple alg\u00e9rien, en faveur de ce soi-disant \u00abmouvement de lib\u00e9ration\u00bb, qui est l\u00e0 depuis pas moins de 50 ans, au lieu de satisfaire les besoins des populations dans certaines villes qui vivent des situations de pauvret\u00e9 absolue. Je pense que la position de Sa\u00e2dani va changer beaucoup de choses au sein des partis politiques alg\u00e9riens, les associations de la soci\u00e9t\u00e9 civile et surtout au sein des intellectuels ou m\u00eame au sein des nationalistes. Il a d\u2019ailleurs parl\u00e9 du Grand Maghreb en disant que les nationalistes alg\u00e9riens et marocains ont pris des positions tr\u00e8s avanc\u00e9es<\/p>\n<p><strong>Lire la suite dans votre magazine Challenge en vente dans tous les points de presse.<\/strong><\/p>\n<p><img decoding=\"async\" src=\"https:\/\/www.challenge.ma\/wp-content\/uploads\/2019\/11\/1-Couverture-716-ok-786x1024.jpg\" alt=\"\" class=\"wp-image-122626\" srcset=\"https:\/\/www.challenge.ma\/wp-content\/uploads\/2019\/11\/1-Couverture-716-ok-786x1024.jpg 786w, https:\/\/www.challenge.ma\/wp-content\/uploads\/2019\/11\/1-Couverture-716-ok-230x300.jpg 230w, https:\/\/www.challenge.ma\/wp-content\/uploads\/2019\/11\/1-Couverture-716-ok-768x1001.jpg 768w, https:\/\/www.challenge.ma\/wp-content\/uploads\/2019\/11\/1-Couverture-716-ok-360x469.jpg 360w, https:\/\/www.challenge.ma\/wp-content\/uploads\/2019\/11\/1-Couverture-716-ok-750x977.jpg 750w, https:\/\/www.challenge.ma\/wp-content\/uploads\/2019\/11\/1-Couverture-716-ok.jpg 921w\" sizes=\"(max-width: 786px) 100vw, 786px\"\/><\/p>\n<div class=\"c17\">\n<fieldset class=\"c16\">\n<legend><strong><span class=\"c11\">Challenge<\/span><span class=\"c12\">news<\/span><\/strong><\/legend>\n<div class=\"c15\">Le meilleur de Challenge s\u00e9lectionn\u00e9 par la r\u00e9daction :<\/p>\n<\/div>\n<\/fieldset>\n<\/div>\n<p>Auteur: Adama Sylla<br \/>\n<a href=\"https:\/\/www.challenge.ma\/tajeddine-el-husseini-le-maroc-est-passe-dune-logique-defensive-a-une-strategie-offensive-122758\/\">Cliquez ici pour lire l&rsquo;article depuis sa source.<\/a><\/p>\n","protected":false},"excerpt":{"rendered":"<p>Fin connaisseur de la question du Sahara marocain, le professeur universitaire nous livre dans cette interview sa lecture de la situation de ce dossier \u00e0 la lumi\u00e8re des diff\u00e9rents d\u00e9veloppements qui pointent \u00e0 l\u2019horizon.\u00a0 Challenge : En Alg\u00e9rie, Amar Sa\u00e2dani, ancien Secr\u00e9taire g\u00e9n\u00e9ral du FLN, a cr\u00e9\u00e9 la surprise, le jeudi 17 octobre 2019, en [&hellip;]<\/p>\n","protected":false},"author":1787,"featured_media":66917,"comment_status":"closed","ping_status":"closed","sticky":false,"template":"","format":"standard","meta":{"fifu_image_url":"","fifu_image_alt":"","footnotes":""},"categories":[78,54],"tags":[],"class_list":["post-66916","post","type-post","status-publish","format-standard","has-post-thumbnail","hentry","category-economie","category-maroc"],"_links":{"self":[{"href":"https:\/\/linitiative.ca\/International\/wp-json\/wp\/v2\/posts\/66916","targetHints":{"allow":["GET"]}}],"collection":[{"href":"https:\/\/linitiative.ca\/International\/wp-json\/wp\/v2\/posts"}],"about":[{"href":"https:\/\/linitiative.ca\/International\/wp-json\/wp\/v2\/types\/post"}],"author":[{"embeddable":true,"href":"https:\/\/linitiative.ca\/International\/wp-json\/wp\/v2\/users\/1787"}],"replies":[{"embeddable":true,"href":"https:\/\/linitiative.ca\/International\/wp-json\/wp\/v2\/comments?post=66916"}],"version-history":[{"count":0,"href":"https:\/\/linitiative.ca\/International\/wp-json\/wp\/v2\/posts\/66916\/revisions"}],"wp:featuredmedia":[{"embeddable":true,"href":"https:\/\/linitiative.ca\/International\/wp-json\/"}],"wp:attachment":[{"href":"https:\/\/linitiative.ca\/International\/wp-json\/wp\/v2\/media?parent=66916"}],"wp:term":[{"taxonomy":"category","embeddable":true,"href":"https:\/\/linitiative.ca\/International\/wp-json\/wp\/v2\/categories?post=66916"},{"taxonomy":"post_tag","embeddable":true,"href":"https:\/\/linitiative.ca\/International\/wp-json\/wp\/v2\/tags?post=66916"}],"curies":[{"name":"wp","href":"https:\/\/api.w.org\/{rel}","templated":true}]}}