{"id":66918,"date":"2019-11-08T10:50:10","date_gmt":"2019-11-08T15:50:10","guid":{"rendered":"https:\/\/linitiative.ca\/International\/ivanka-trump-salue-le-processus-de-reformes-en-matiere-de-droits-des-femmes\/"},"modified":"2019-11-08T10:50:10","modified_gmt":"2019-11-08T15:50:10","slug":"ivanka-trump-salue-le-processus-de-reformes-en-matiere-de-droits-des-femmes","status":"publish","type":"post","link":"https:\/\/linitiative.ca\/International\/ivanka-trump-salue-le-processus-de-reformes-en-matiere-de-droits-des-femmes\/","title":{"rendered":"Ivanka Trump salue le processus de r\u00e9formes en mati\u00e8re de droits des femmes"},"content":{"rendered":"<p><strong>La Conseill\u00e8re du Pr\u00e9sident des Etats-Unis, Ivanka Trump, en visite au Maroc les 7 et 8 novembre, a \u00ab\u00a0salu\u00e9 le processus de r\u00e9formes entrepris par Sa Majest\u00e9 le Roi Mohammed VI au cours des vingt derni\u00e8res ann\u00e9es, en particulier sur la question de la promotion des droits des femmes et de leur autonomisation \u00e9conomique\u00a0\u00bb.<\/strong><\/p>\n<div class=\"c10\"\/>\n<p>Les r\u00e9formes substantielles engag\u00e9es par le Maroc dans le domaine de la promotion des droits des femmes et leur autonomisation \u00e9conomique \u00e9taient au centre des discussions avec la d\u00e9l\u00e9gation am\u00e9ricaine de haut niveau, compos\u00e9e \u00e9galement du Pr\u00e9sident Directeur G\u00e9n\u00e9ral de la Millennium Challenge Corporation, Sean Cairncross, indique un communiqu\u00e9 conjoint adopt\u00e9 \u00e0 l\u2019issue de cette visite.<\/p>\n<p>Le communiqu\u00e9 conjoint rel\u00e8ve qu\u2019en \u00ab\u00a0application des orientations strat\u00e9giques de Sa Majest\u00e9 le Roi Mohammed VI, le Gouvernement marocain a mis en \u0153uvre des r\u00e9formes cruciales qui ont aid\u00e9 les femmes marocaines \u00e0 obtenir davantage de droits et de prosp\u00e9rit\u00e9 \u00e9conomique\u00a0\u00bb.<\/p>\n<p>Ces r\u00e9formes ont \u00e9t\u00e9 rappel\u00e9es lors des discussions, dont notamment la r\u00e9forme de la Moudawana en 2004, la r\u00e9forme du Code du Travail en 2003, la r\u00e9vision en 2007 du Code de la nationalit\u00e9, et la lev\u00e9e des r\u00e9serves \u00e0 la Convention sur l\u2019\u00e9limination de toutes les formes de discriminations \u00e0 l\u2019\u00e9gard des femmes (CEDAW), jusqu\u2019\u00e0 la Constitution de 2011 qui a affirm\u00e9, dans son article 19, que \u00ab\u00a0l\u2019homme et la femme jouissent, \u00e0 \u00e9galit\u00e9, des droits et libert\u00e9s \u00e0 caract\u00e8re civil, politique, \u00e9conomique, social, culturel et environnemental\u00a0\u00bb, ajoute le document.<\/p>\n<p>Dans l\u2019esprit du partenariat strat\u00e9gique entre les deux pays, les Etats-Unis se sont engag\u00e9s \u00e0 \u00ab\u00a0poursuivre leur soutien \u00e0 l\u2019engagement du Maroc pour une croissance \u00e9conomique inclusive, qui autonomise les femmes et les int\u00e8gre \u00e0 l\u2019\u00e9conomie locale et nationale\u00a0\u00bb.<\/p>\n<p>Dans ce cadre, le Maroc et les Etats-Unis ont convenu, notamment, de \u00ab\u00a0travailler ensemble pour soutenir l\u2019\u00e9laboration d\u2019une strat\u00e9gie fonci\u00e8re nationale de mani\u00e8re \u00e0 favoriser la participation des femmes \u00e0 l\u2019\u00e9conomie en am\u00e9liorant leur acc\u00e8s \u00e0 la terre au Maroc\u00a0\u00bb.<\/p>\n<p>De m\u00eame, il a \u00e9t\u00e9 d\u00e9cid\u00e9 que les fonds du MCC Compact seraient mis \u00e0 disposition pour \u00ab\u00a0la cr\u00e9ation d\u2019un Centre d\u2019Inclusion du Genre en mati\u00e8re de Propri\u00e9t\u00e9 de Terres\u00a0\u00bb qui, entre autres activit\u00e9s, \u00ab\u00a0collectera, analysera et utilisera\u00a0\u00bb des donn\u00e9es pour \u00ab\u00a0appuyer l\u2019\u00e9laboration de politiques futures, visant \u00e0 accro\u00eetre davantage la participation des femmes \u00e0 la croissance \u00e9conomique li\u00e9e aux terres\u00a0\u00bb, ajoute le communiqu\u00e9 conjoint.<\/p>\n<p>La situation des femmes et la promotion de leurs droits constituent un engagement continu du Royaume, port\u00e9 par la Vision et la Volont\u00e9 de Sa Majest\u00e9 le Roi Mohammed VI.<\/p>\n<div class=\"wp-block-embed__wrapper\">\n<blockquote class=\"twitter-tweet\" data-width=\"550\" data-dnt=\"true\">\n<p lang=\"en\" dir=\"ltr\">An impactful day in Morocco, where we furthered all 3 pillars of <a href=\"https:\/\/twitter.com\/hashtag\/WGDP?src=hash&#038;ref_src=twsrc%5Etfw\">#WGDP<\/a> \ud83c\uddfa\ud83c\uddf8\ud83c\uddf2\ud83c\udde6\u2b07\ufe0f<br \/>\ud83d\udcab Women Prospering in the Workforce<br \/>\ud83d\udcab Women Succeeding as Entrepreneurs<br \/>\ud83d\udcab Women Enabled in the Economy <a href=\"https:\/\/t.co\/pRBLm8Pvbx\">pic.twitter.com\/pRBLm8Pvbx<\/a><\/p>\n<p>\u2014 Ivanka Trump (@IvankaTrump) <a href=\"https:\/\/twitter.com\/IvankaTrump\/status\/1192593344569991171?ref_src=twsrc%5Etfw\">November 8, 2019<\/a><\/p><\/blockquote>\n<\/div>\n<div class=\"c17\">\n<fieldset class=\"c16\">\n<legend><strong><span class=\"c11\">Challenge<\/span><span class=\"c12\">news<\/span><\/strong><\/legend>\n<div class=\"c15\">Le meilleur de Challenge s\u00e9lectionn\u00e9 par la r\u00e9daction :<\/p>\n<\/div>\n<\/fieldset>\n<\/div>\n<p>Auteur: Hajar DARI<br \/>\n<a href=\"https:\/\/www.challenge.ma\/ivanka-trump-salue-le-processus-de-reformes-en-matiere-de-droits-des-femmes-122798\/\">Cliquez ici pour lire l&rsquo;article depuis sa source.<\/a><\/p>\n","protected":false},"excerpt":{"rendered":"<p>La Conseill\u00e8re du Pr\u00e9sident des Etats-Unis, Ivanka Trump, en visite au Maroc les 7 et 8 novembre, a \u00ab\u00a0salu\u00e9 le processus de r\u00e9formes entrepris par Sa Majest\u00e9 le Roi Mohammed VI au cours des vingt derni\u00e8res ann\u00e9es, en particulier sur la question de la promotion des droits des femmes et de leur autonomisation \u00e9conomique\u00a0\u00bb. Les [&hellip;]<\/p>\n","protected":false},"author":1787,"featured_media":0,"comment_status":"closed","ping_status":"closed","sticky":false,"template":"","format":"standard","meta":{"fifu_image_url":"","fifu_image_alt":"","footnotes":""},"categories":[78,54],"tags":[],"class_list":["post-66918","post","type-post","status-publish","format-standard","hentry","category-economie","category-maroc"],"_links":{"self":[{"href":"https:\/\/linitiative.ca\/International\/wp-json\/wp\/v2\/posts\/66918","targetHints":{"allow":["GET"]}}],"collection":[{"href":"https:\/\/linitiative.ca\/International\/wp-json\/wp\/v2\/posts"}],"about":[{"href":"https:\/\/linitiative.ca\/International\/wp-json\/wp\/v2\/types\/post"}],"author":[{"embeddable":true,"href":"https:\/\/linitiative.ca\/International\/wp-json\/wp\/v2\/users\/1787"}],"replies":[{"embeddable":true,"href":"https:\/\/linitiative.ca\/International\/wp-json\/wp\/v2\/comments?post=66918"}],"version-history":[{"count":0,"href":"https:\/\/linitiative.ca\/International\/wp-json\/wp\/v2\/posts\/66918\/revisions"}],"wp:attachment":[{"href":"https:\/\/linitiative.ca\/International\/wp-json\/wp\/v2\/media?parent=66918"}],"wp:term":[{"taxonomy":"category","embeddable":true,"href":"https:\/\/linitiative.ca\/International\/wp-json\/wp\/v2\/categories?post=66918"},{"taxonomy":"post_tag","embeddable":true,"href":"https:\/\/linitiative.ca\/International\/wp-json\/wp\/v2\/tags?post=66918"}],"curies":[{"name":"wp","href":"https:\/\/api.w.org\/{rel}","templated":true}]}}