{"id":66919,"date":"2019-11-08T11:54:43","date_gmt":"2019-11-08T16:54:43","guid":{"rendered":"https:\/\/linitiative.ca\/International\/plf-2020-benchaaboun-rassure-les-exportateurs\/"},"modified":"2019-11-08T11:54:43","modified_gmt":"2019-11-08T16:54:43","slug":"plf-2020-benchaaboun-rassure-les-exportateurs","status":"publish","type":"post","link":"https:\/\/linitiative.ca\/International\/plf-2020-benchaaboun-rassure-les-exportateurs\/","title":{"rendered":"PLF 2020 : Bencha\u00e2boun rassure les exportateurs"},"content":{"rendered":"<p><strong>Les exportateurs, r\u00e9unis au sein de l\u2019Asmex, ont tenu une rencontre le 8 novembre \u00e0 Casablanca avec le ministre des Finances au sujet du Projet de loi de Finances 2020. Mohamed Bencha\u00e2boun a saisi l\u2019occasion pour les rassurer sur plusieurs points.<\/strong><\/p>\n<div class=\"c10\"\/>\n<p>\u00ab\u00a0Le gouvernement est dispos\u00e9 \u00e0 faire tout ce que vous voulez\u00a0\u00bb. C\u2019est le message principal de Mohamed Bencha\u00e2boun \u00e0 l\u2019endroit des <strong>exportateurs<\/strong>. En compagnie du ministre de l\u2019Industrie, Moulay Hafid Elalamy, le ministre de l\u2019Economie, des Finances et de la R\u00e9forme de l\u2019Administration a, en effet, a rencontr\u00e9 les membres de l\u2019<strong>Asmex<\/strong> (Association marocaine des exportateurs) le 8 novembre pour les rassurer sur les diff\u00e9rentes mesures prises dans le cadre du Projet de loi de Finances 2020. \u00a0<\/p>\n<p>\u00ab\u00a0Nous avons pris tout un ensemble de dispositions pour r\u00e9tablir la confiance entre les op\u00e9rateurs et le pouvoir public\u00a0\u00bb, a-t-il soulign\u00e9. \u00ab\u00a0Il y a des r\u00e9formes qui sont en train d\u2019\u00eatre men\u00e9es, et la marche est irr\u00e9versible\u00a0\u00bb, a-t-il ajout\u00e9. Mohamed Bencha\u00e2boun a appel\u00e9 les exportateurs \u00e0 travailler ensemble, la main dans la main, pour \u00ab\u00a0voir ce qu\u2019il y a de faire pour que les entreprises marocaines puissent exporter davantage\u00a0\u00bb. Il a notamment rassur\u00e9 les op\u00e9rateurs sur les <strong>nouvelles mesures<\/strong> concernant les zones franches, qui deviennent d\u00e9sormais des zones d\u2019acc\u00e9l\u00e9ration industrielle.<\/p>\n<p>Lire aussi : <a href=\"https:\/\/www.challenge.ma\/plf-2020-mohamed-benchaaboun-met-les-points-sur-les-i-122419\/\">PLF 2020 : Mohamed Bencha\u00e2boun met les points sur les i<\/a><\/p>\n<p>\u00ab\u00a0Pour les zones franches, il faut savoir que toutes les soci\u00e9t\u00e9s d\u00e9j\u00e0 install\u00e9es op\u00e8reront toujours dans le cadre du r\u00e9gime actuel. Nous n\u2019avons rien chang\u00e9 pour elles. C\u2019est-\u00e0-dire un taux de 8,75% pour la partie export et le taux normal en ce qui concerne les activit\u00e9s au niveau local. Et ces entreprises vont maintenir ce r\u00e9gime jusqu\u2019\u00e0 la fin des 20 ann\u00e9es pr\u00e9vues par les textes en vigueur. Ce n\u2019est qu\u2019apr\u00e8s cela qu\u2019elles rentreront dans le r\u00e9gime des 15% unifi\u00e9s. Pour celles qui vont s\u2019installer dans ces zones en 2020, elles continueront \u00e0 b\u00e9n\u00e9ficier du m\u00eame <strong>r\u00e9gime<\/strong>. Les entreprises qui vont s\u2019installer \u00e0 partir du 1<sup>er<\/sup> janvier 2021 vont toutefois b\u00e9n\u00e9ficier des 5 ann\u00e9es d\u2019exon\u00e9ration\u00a0\u00bb, a-t-il d\u00e9taill\u00e9.<\/p>\n<p>En ce qui concerne les mesures d\u2019encouragement au profit des PME exportatrices, Mohamed Bencha\u00e2boun a \u00e9galement d\u00e9taill\u00e9 les diff\u00e9rentes dispositions qui seront mises en place pour compl\u00e9ter les divers m\u00e9canismes qui existent d\u00e9j\u00e0.<\/p>\n<p>Pour sa part, le ministre Moulay Hafid Elalamy a abond\u00e9 dans le m\u00eame sens que son homologue des\u00a0 Finances. \u00ab Les exportateurs sont des vecteurs importants de l\u2019\u00e9conomie marocaine. Nous sommes \u00e0 votre \u00e9coute pour acc\u00e9l\u00e9rer la cadence et favoriser la croissance \u00bb, a-t-il soutenu. Il a aussi d\u00e9taill\u00e9 les efforts de son minist\u00e8re visant \u00e0 accompagner les exportateurs. Pour lui, c\u2019est parce que le Maroc est devenu comp\u00e9titif, mais a encore du pain sur la planche pour aller plus loin.<\/p>\n<p>\u00ab\u00a0L\u2019Etat est dispos\u00e9 \u00e0 faire des efforts colossaux de fa\u00e7on \u00e0 ce que l\u2019\u00e9conomie marocaine fasse un saut qualitatif en avant\u00a0\u00bb, a-t-il, lui aussi, assur\u00e9. Soulignons que cette rencontre de travail a permis aux adh\u00e9rents de mieux comprendre plusieurs points relatifs aux mesures du <strong>PLF 2020<\/strong>. D\u2019ailleurs, Hassan Sentissi El Idrissi, pr\u00e9sident de l\u2019Asmex, a annonc\u00e9 \u00e0 l\u2019issue de la rencontre,\u00a0que l\u2019association a d\u00e9cid\u00e9 de transformer le Comit\u00e9 de crise, qui avait \u00e9t\u00e9 cr\u00e9\u00e9 il y a quelques semaines pour le PLF 2020, en \u00ab Comit\u00e9 d\u2019Action pour l\u2019Export \u00bb. De m\u00eame, le ministre des Finances et l\u2019Asmex se sont mis d\u2019accord pour tenir chaque ann\u00e9e, en amont du PLF, une r\u00e9union de concertation.<\/p>\n<div class=\"c17\">\n<fieldset class=\"c16\">\n<legend><strong><span class=\"c11\">Challenge<\/span><span class=\"c12\">news<\/span><\/strong><\/legend>\n<div class=\"c15\">Le meilleur de Challenge s\u00e9lectionn\u00e9 par la r\u00e9daction :<\/p>\n<\/div>\n<\/fieldset>\n<\/div>\n<p>Auteur: Roland Amoussou<br \/>\n<a href=\"https:\/\/www.challenge.ma\/plf-2020-benchaaboun-rassure-les-exportateurs-122814\/\">Cliquez ici pour lire l&rsquo;article depuis sa source.<\/a><\/p>\n","protected":false},"excerpt":{"rendered":"<p>Les exportateurs, r\u00e9unis au sein de l\u2019Asmex, ont tenu une rencontre le 8 novembre \u00e0 Casablanca avec le ministre des Finances au sujet du Projet de loi de Finances 2020. Mohamed Bencha\u00e2boun a saisi l\u2019occasion pour les rassurer sur plusieurs points. \u00ab\u00a0Le gouvernement est dispos\u00e9 \u00e0 faire tout ce que vous voulez\u00a0\u00bb. C\u2019est le message [&hellip;]<\/p>\n","protected":false},"author":1787,"featured_media":0,"comment_status":"closed","ping_status":"closed","sticky":false,"template":"","format":"standard","meta":{"fifu_image_url":"","fifu_image_alt":"","footnotes":""},"categories":[78,54],"tags":[],"class_list":["post-66919","post","type-post","status-publish","format-standard","hentry","category-economie","category-maroc"],"_links":{"self":[{"href":"https:\/\/linitiative.ca\/International\/wp-json\/wp\/v2\/posts\/66919","targetHints":{"allow":["GET"]}}],"collection":[{"href":"https:\/\/linitiative.ca\/International\/wp-json\/wp\/v2\/posts"}],"about":[{"href":"https:\/\/linitiative.ca\/International\/wp-json\/wp\/v2\/types\/post"}],"author":[{"embeddable":true,"href":"https:\/\/linitiative.ca\/International\/wp-json\/wp\/v2\/users\/1787"}],"replies":[{"embeddable":true,"href":"https:\/\/linitiative.ca\/International\/wp-json\/wp\/v2\/comments?post=66919"}],"version-history":[{"count":0,"href":"https:\/\/linitiative.ca\/International\/wp-json\/wp\/v2\/posts\/66919\/revisions"}],"wp:attachment":[{"href":"https:\/\/linitiative.ca\/International\/wp-json\/wp\/v2\/media?parent=66919"}],"wp:term":[{"taxonomy":"category","embeddable":true,"href":"https:\/\/linitiative.ca\/International\/wp-json\/wp\/v2\/categories?post=66919"},{"taxonomy":"post_tag","embeddable":true,"href":"https:\/\/linitiative.ca\/International\/wp-json\/wp\/v2\/tags?post=66919"}],"curies":[{"name":"wp","href":"https:\/\/api.w.org\/{rel}","templated":true}]}}