{"id":66924,"date":"2019-11-08T15:11:47","date_gmt":"2019-11-08T20:11:47","guid":{"rendered":"https:\/\/linitiative.ca\/International\/tunisie-designation-de-ministres-interimaires-dans-le-gouvernement-suite-a-la-demission-de-ceux-qui-ont-ete-elus-a-larp\/"},"modified":"2019-11-08T15:11:47","modified_gmt":"2019-11-08T20:11:47","slug":"tunisie-designation-de-ministres-interimaires-dans-le-gouvernement-suite-a-la-demission-de-ceux-qui-ont-ete-elus-a-larp","status":"publish","type":"post","link":"https:\/\/linitiative.ca\/International\/tunisie-designation-de-ministres-interimaires-dans-le-gouvernement-suite-a-la-demission-de-ceux-qui-ont-ete-elus-a-larp\/","title":{"rendered":"Tunisie \u2013 D\u00e9signation de ministres int\u00e9rimaires dans le gouvernement suite \u00e0 la d\u00e9mission de ceux qui ont \u00e9t\u00e9 \u00e9lus \u00e0 l\u2019ARP"},"content":{"rendered":"<div class=\"post-cont-in left relative\">\n<div class=\"swp_social_panel swp_horizontal_panel swp_flat_fresh swp_default_full_color swp_individual_full_color swp_other_full_color scale-100 scale-\" data-min-width=\"1100\" data-float-color=\"#ffffff\" data-float=\"none\" data-float-mobile=\"none\" data-transition=\"slide\">\n<div class=\"nc_tweetContainer swp_share_button total_shares total_sharesalt\"><span class=\"swp_count\">23 <span class=\"swp_label\">Partages<\/span><\/span><\/div>\n<\/div>\n<p>Suite \u00e0 l\u2019\u00e9lection d\u2019un certain nombre de ministres en tant que d\u00e9put\u00e9s, conform\u00e9ment \u00e0 la loi qui stipule qu\u2019il est interdit de cumuler une fonction au gouvernement et un poste de d\u00e9put\u00e9 et dans le souci de la poursuite des services de l\u2019Etat de mani\u00e8re efficiente, le chef du gouvernement a d\u00e9cid\u00e9 de nommer\u00a0:<\/p>\n<div class=\"code-block code-block-1 c3\"><ins class=\"adsbygoogle c2\" data-ad-layout=\"in-article\" data-ad-format=\"fluid\" data-ad-client=\"ca-pub-2102118777505746\" data-ad-slot=\"7301775417\"\/> <\/div>\n<p><strong>Mohamed Ridha Chalghoum<\/strong> pour assurer l\u2019int\u00e9rim du ministre du D\u00e9veloppement et de la Coop\u00e9ration Internationale<\/p>\n<div class=\"code-block code-block-2 c3\"><ins class=\"adsbygoogle c2\" data-ad-layout=\"in-article\" data-ad-format=\"fluid\" data-ad-client=\"ca-pub-2102118777505746\" data-ad-slot=\"7301775417\"\/> <\/div>\n<p><strong>Ren\u00e9 Trabelsi<\/strong> pour assurer l\u2019int\u00e9rim du ministre des Transports<\/p>\n<p><strong>Taoufik Rajhi<\/strong> pour assurer l\u2019int\u00e9rim du minist\u00e8re de l\u2019Emploi<\/p>\n<p><strong>Radhouane Ayara<\/strong> pour assurer l\u2019int\u00e9rim du ministre des Domaines de l\u2019Etat.<\/p>\n<p><strong>Que se passe-t-il en Tunisie?<\/strong><br \/>Nous expliquons sur notre <a href=\"https:\/\/www.youtube.com\/channel\/UCRzypVq0B_yBad5eGrwBx0Q?sub_confirmation=1\" target=\"_blank\" rel=\"noopener noreferrer\">cha\u00eene YouTube<\/a> . <a href=\"https:\/\/www.youtube.com\/channel\/UCRzypVq0B_yBad5eGrwBx0Q?sub_confirmation=1\" target=\"_blank\" rel=\"noopener noreferrer\">Abonnez-vous!<\/a><\/p>\n<div class=\"mvp-org-wrap mvp-org-logo\" itemprop=\"publisher\" itemscope=\"\" itemtype=\"https:\/\/schema.org\/Organization\"><img decoding=\"async\" src=\"https:\/\/www.tunisienumerique.com\/wp-content\/uploads\/2017\/02\/logo_tunisie_numerique.png\"\/><\/div>\n<div class=\"swp_social_panel swp_horizontal_panel swp_flat_fresh swp_default_full_color swp_individual_full_color swp_other_full_color scale-100 scale-\" data-min-width=\"1100\" data-float-color=\"#ffffff\" data-float=\"none\" data-float-mobile=\"none\" data-transition=\"slide\">\n<div class=\"nc_tweetContainer swp_share_button total_shares total_sharesalt\"><span class=\"swp_count\">23 <span class=\"swp_label\">Partages<\/span><\/span><\/div>\n<\/div>\n<div class=\"mvp-related-posts left relative\">\n<h4 class=\"post-header\"><span class=\"post-header\">Lire aussi<\/span><\/h4>\n<\/div>\n<\/div>\n<p>Auteur: LM<br \/>\n<a href=\"https:\/\/www.tunisienumerique.com\/tunisie-designation-de-ministres-interimaires-dans-le-gouvernement-suite-a-la-demission-de-ceux-qui-ont-ete-elus-a-larp\/\">Cliquez ici pour lire l&rsquo;article depuis sa source.<\/a><\/p>\n","protected":false},"excerpt":{"rendered":"<p>23 Partages Suite \u00e0 l\u2019\u00e9lection d\u2019un certain nombre de ministres en tant que d\u00e9put\u00e9s, conform\u00e9ment \u00e0 la loi qui stipule qu\u2019il est interdit de cumuler une fonction au gouvernement et un poste de d\u00e9put\u00e9 et dans le souci de la poursuite des services de l\u2019Etat de mani\u00e8re efficiente, le chef du gouvernement a d\u00e9cid\u00e9 de [&hellip;]<\/p>\n","protected":false},"author":1789,"featured_media":66925,"comment_status":"closed","ping_status":"closed","sticky":false,"template":"","format":"standard","meta":{"fifu_image_url":"","fifu_image_alt":"","footnotes":""},"categories":[73,55],"tags":[],"class_list":["post-66924","post","type-post","status-publish","format-standard","has-post-thumbnail","hentry","category-actualite","category-tunisie"],"_links":{"self":[{"href":"https:\/\/linitiative.ca\/International\/wp-json\/wp\/v2\/posts\/66924","targetHints":{"allow":["GET"]}}],"collection":[{"href":"https:\/\/linitiative.ca\/International\/wp-json\/wp\/v2\/posts"}],"about":[{"href":"https:\/\/linitiative.ca\/International\/wp-json\/wp\/v2\/types\/post"}],"author":[{"embeddable":true,"href":"https:\/\/linitiative.ca\/International\/wp-json\/wp\/v2\/users\/1789"}],"replies":[{"embeddable":true,"href":"https:\/\/linitiative.ca\/International\/wp-json\/wp\/v2\/comments?post=66924"}],"version-history":[{"count":0,"href":"https:\/\/linitiative.ca\/International\/wp-json\/wp\/v2\/posts\/66924\/revisions"}],"wp:featuredmedia":[{"embeddable":true,"href":"https:\/\/linitiative.ca\/International\/wp-json\/"}],"wp:attachment":[{"href":"https:\/\/linitiative.ca\/International\/wp-json\/wp\/v2\/media?parent=66924"}],"wp:term":[{"taxonomy":"category","embeddable":true,"href":"https:\/\/linitiative.ca\/International\/wp-json\/wp\/v2\/categories?post=66924"},{"taxonomy":"post_tag","embeddable":true,"href":"https:\/\/linitiative.ca\/International\/wp-json\/wp\/v2\/tags?post=66924"}],"curies":[{"name":"wp","href":"https:\/\/api.w.org\/{rel}","templated":true}]}}