{"id":66930,"date":"2019-11-08T09:42:02","date_gmt":"2019-11-08T14:42:02","guid":{"rendered":"https:\/\/linitiative.ca\/International\/attaque-de-boungou-reaction-de-lupc\/"},"modified":"2019-11-08T09:42:02","modified_gmt":"2019-11-08T14:42:02","slug":"attaque-de-boungou-reaction-de-lupc","status":"publish","type":"post","link":"https:\/\/linitiative.ca\/International\/attaque-de-boungou-reaction-de-lupc\/","title":{"rendered":"Attaque de Boungou: R\u00e9action de l\u2019UPC"},"content":{"rendered":"<div class=\"td-a-rec td-a-rec-id-content_top tdi_30_c5b td_block_template_1\"><img loading=\"lazy\" decoding=\"async\" class=\"aligncenter size-full wp-image-15640\" src=\"https:\/\/www.sidwaya.info\/wp-content\/uploads\/2019\/10\/pf-pub-1.jpeg\" alt=\"\" width=\"1080\" height=\"360\"\/><\/div>\n<p>A travers un communiqu\u00e9 de presse du gouverneur de l\u2019Est, l\u2019Union pour le Progr\u00e8s et le Changement a appris avec une tr\u00e8s grande consternation, l\u2019attaque d\u2019un convoi transportant des travailleurs de la mine d\u2019or \u00ab\u00a0SEMAFO S.A.\u00a0\u00bb sur l\u2019axe Ougarou-Boungou.<\/p>\n<p>Cette attaque, selon le communiqu\u00e9, a caus\u00e9 d\u2019\u00e9normes pertes en vies humaines et des bless\u00e9s.<\/p>\n<p>L\u2019UPC s\u2019incline devant la m\u00e9moire des disparus tout en pr\u00e9sentant ses sinc\u00e8res condol\u00e9ances \u00e0 toute la nation \u00e9plor\u00e9e, et souhaite que les bless\u00e9s recouvrent au plus vite la sant\u00e9.<\/p>\n<p>Au regard de l\u2019ampleur du drame, l\u2019UPC constate que notre pays est plus que jamais menac\u00e9 dans ses fondements. Elle appelle une fois de plus le pouvoir MPP, \u00e0 prendre toutes les initiatives et mesures n\u00e9cessaires pour la protection des personnes et des biens.<\/p>\n<p>Que Dieu veille sur notre ch\u00e8re patrie\u00a0!<\/p>\n<p>Vive le peuple burkinab\u00e8, un et indivisible\u00a0!<\/p>\n<p><strong>Ouagadougou, le 07 novembre 2019<\/strong><\/p>\n<p><strong>Le Premier Vice-pr\u00e9sident de l\u2019UPC<\/strong><\/p>\n<p><strong>\u00a0<\/strong><\/p>\n<p><strong>\u00a0\u00a0\u00a0\u00a0\u00a0\u00a0\u00a0\u00a0\u00a0\u00a0\u00a0\u00a0\u00a0\u00a0\u00a0\u00a0\u00a0\u00a0\u00a0\u00a0\u00a0\u00a0\u00a0\u00a0\u00a0\u00a0\u00a0\u00a0\u00a0\u00a0\u00a0\u00a0\u00a0\u00a0\u00a0\u00a0\u00a0\u00a0\u00a0\u00a0\u00a0\u00a0\u00a0\u00a0\u00a0\u00a0\u00a0\u00a0\u00a0\u00a0\u00a0\u00a0\u00a0\u00a0\u00a0\u00a0\u00a0\u00a0\u00a0\u00a0\u00a0\u00a0\u00a0\u00a0\u00a0\u00a0\u00a0\u00a0\u00a0\u00a0\u00a0\u00a0\u00a0\u00a0\u00a0\u00a0\u00a0 Denis NIKIEMA<\/strong><\/p>\n<div class=\"td-a-rec td-a-rec-id-content_bottom tdi_31_fe5 td_block_template_1\"><img loading=\"lazy\" decoding=\"async\" class=\"aligncenter size-full wp-image-9623\" src=\"https:\/\/www.sidwaya.info\/wp-content\/uploads\/2019\/06\/Projet-bannie%CC%80re-Orange-mobile.jpg\" alt=\"\" width=\"728\" height=\"81\"\/><\/div>\n<p>Auteur: BS. Sidwaya<br \/>\n<a href=\"https:\/\/www.sidwaya.info\/blog\/2019\/11\/08\/attaque-de-boungou-reaction-de-lupc\/\">Cliquez ici pour lire l&rsquo;article depuis sa source.<\/a><\/p>\n","protected":false},"excerpt":{"rendered":"<p>A travers un communiqu\u00e9 de presse du gouverneur de l\u2019Est, l\u2019Union pour le Progr\u00e8s et le Changement a appris avec une tr\u00e8s grande consternation, l\u2019attaque d\u2019un convoi transportant des travailleurs de la mine d\u2019or \u00ab\u00a0SEMAFO S.A.\u00a0\u00bb sur l\u2019axe Ougarou-Boungou. Cette attaque, selon le communiqu\u00e9, a caus\u00e9 d\u2019\u00e9normes pertes en vies humaines et des bless\u00e9s. L\u2019UPC [&hellip;]<\/p>\n","protected":false},"author":1816,"featured_media":66931,"comment_status":"closed","ping_status":"closed","sticky":false,"template":"","format":"standard","meta":{"fifu_image_url":"","fifu_image_alt":"","footnotes":""},"categories":[73,81],"tags":[],"class_list":["post-66930","post","type-post","status-publish","format-standard","has-post-thumbnail","hentry","category-actualite","category-burkina-faso"],"_links":{"self":[{"href":"https:\/\/linitiative.ca\/International\/wp-json\/wp\/v2\/posts\/66930","targetHints":{"allow":["GET"]}}],"collection":[{"href":"https:\/\/linitiative.ca\/International\/wp-json\/wp\/v2\/posts"}],"about":[{"href":"https:\/\/linitiative.ca\/International\/wp-json\/wp\/v2\/types\/post"}],"author":[{"embeddable":true,"href":"https:\/\/linitiative.ca\/International\/wp-json\/wp\/v2\/users\/1816"}],"replies":[{"embeddable":true,"href":"https:\/\/linitiative.ca\/International\/wp-json\/wp\/v2\/comments?post=66930"}],"version-history":[{"count":0,"href":"https:\/\/linitiative.ca\/International\/wp-json\/wp\/v2\/posts\/66930\/revisions"}],"wp:featuredmedia":[{"embeddable":true,"href":"https:\/\/linitiative.ca\/International\/wp-json\/"}],"wp:attachment":[{"href":"https:\/\/linitiative.ca\/International\/wp-json\/wp\/v2\/media?parent=66930"}],"wp:term":[{"taxonomy":"category","embeddable":true,"href":"https:\/\/linitiative.ca\/International\/wp-json\/wp\/v2\/categories?post=66930"},{"taxonomy":"post_tag","embeddable":true,"href":"https:\/\/linitiative.ca\/International\/wp-json\/wp\/v2\/tags?post=66930"}],"curies":[{"name":"wp","href":"https:\/\/api.w.org\/{rel}","templated":true}]}}