{"id":66933,"date":"2019-11-08T12:22:24","date_gmt":"2019-11-08T17:22:24","guid":{"rendered":"https:\/\/linitiative.ca\/International\/installation-des-demembrements-de-la-ceni-en-cote-divoire\/"},"modified":"2019-11-08T12:22:24","modified_gmt":"2019-11-08T17:22:24","slug":"installation-des-demembrements-de-la-ceni-en-cote-divoire","status":"publish","type":"post","link":"https:\/\/linitiative.ca\/International\/installation-des-demembrements-de-la-ceni-en-cote-divoire\/","title":{"rendered":"Installation des d\u00e9membrements de la CENI en C\u00f4te d\u2019Ivoire"},"content":{"rendered":"<div class=\"td-post-featured-image\"><a href=\"https:\/\/i2.wp.com\/www.sidwaya.info\/wp-content\/uploads\/2019\/11\/ceic-2.jpg?fit=640%2C480&#038;ssl=1\" data-caption=\"\"><img loading=\"lazy\" decoding=\"async\" width=\"640\" height=\"480\" class=\"entry-thumb td-modal-image\" src=\"https:\/\/i2.wp.com\/www.sidwaya.info\/wp-content\/uploads\/2019\/11\/ceic-2.jpg?resize=640%2C480&#038;ssl=1\" srcset=\"https:\/\/i2.wp.com\/www.sidwaya.info\/wp-content\/uploads\/2019\/11\/ceic-2.jpg?w=640&#038;ssl=1 640w, https:\/\/i2.wp.com\/www.sidwaya.info\/wp-content\/uploads\/2019\/11\/ceic-2.jpg?resize=300%2C225&#038;ssl=1 300w, https:\/\/i2.wp.com\/www.sidwaya.info\/wp-content\/uploads\/2019\/11\/ceic-2.jpg?resize=560%2C420&#038;ssl=1 560w, https:\/\/i2.wp.com\/www.sidwaya.info\/wp-content\/uploads\/2019\/11\/ceic-2.jpg?resize=80%2C60&#038;ssl=1 80w, https:\/\/i2.wp.com\/www.sidwaya.info\/wp-content\/uploads\/2019\/11\/ceic-2.jpg?resize=265%2C198&#038;ssl=1 265w\" sizes=\"auto, (max-width: 640px) 100vw, 640px\" alt=\"\" title=\"ceic (2)\"\/><\/a><\/div>\n<div class=\"td-a-rec td-a-rec-id-content_top tdi_30_dff td_block_template_1\"><img loading=\"lazy\" decoding=\"async\" class=\"aligncenter size-full wp-image-15640\" src=\"https:\/\/www.sidwaya.info\/wp-content\/uploads\/2019\/10\/pf-pub-1.jpeg\" alt=\"\" width=\"1080\" height=\"360\"\/><\/div>\n<p><strong>L\u2019Ambassade et les Consulats g\u00e9n\u00e9raux du Burkina \u00e0 Abidjan, \u00e0 Soubr\u00e9 et \u00e0 Bouak\u00e9 ont d\u00e9sormais leurs d\u00e9membrements<\/strong><\/p>\n<p>Ce vendredi 08 novembre 2019, a eu lieu dans la salle de r\u00e9union du Consulat g\u00e9n\u00e9ral du Burkina \u00e0 Abidjan, la c\u00e9r\u00e9monie de d\u00e9signation, puis l\u2019installation, la formation et la prestation de serment des membres de la Commission \u00c9lectorale Nationale Ind\u00e9pendante d\u2019Ambassade (CEIAM) et de la Commission \u00c9lectorale Nationale Ind\u00e9pendante de Consulat (CEIC) d\u2019Abidjan.<\/p>\n<p>La c\u00e9r\u00e9monie a \u00e9t\u00e9 pr\u00e9sid\u00e9e par l\u2019Ambassadeur du Burkina en C\u00f4te d\u2019Ivoire, SEM. Mahamadou ZONGO, assist\u00e9 du Consul g\u00e9n\u00e9ral du Burkina \u00e0 Abidjan, Monsieur Benjamin NANA, alors que le processus de d\u00e9signation, d\u2019installation, de formation et de prestation de serment a \u00e9t\u00e9 conduit par le Commissaire de la CENI, Monsieur Lassan\u00e9 DAO. En effet, conform\u00e9ment aux dispositions du code \u00e9lectoral qui consacrent le vote des Burkinab\u00e8 r\u00e9sidant \u00e0 l\u2019ext\u00e9rieur pour l\u2019\u00e9lection pr\u00e9sidentielle de 2020, la Commission \u00c9lectorale Nationale Ind\u00e9pendante (CENI) a entam\u00e9 depuis le 1er novembre 2019, des missions d\u2019installations de ses d\u00e9membrements dans 22 pays d\u2019Afrique, d\u2019Europe, d\u2019Asie et d\u2019Am\u00e9rique.<\/p>\n<p>La mission d\u00e9p\u00each\u00e9e en C\u00f4te d\u2019Ivoire, conduite par le Commissaire Lassane DAO et le directeur de cabinet du pr\u00e9sident de la CENI, Alidou ZOROM, a commenc\u00e9 par Bouak\u00e9, ensuite Soubr\u00e9 et pour terminer par Abidjan. Au total, ce sont quatre commissions de d\u00e9membrements de la CENI qui ont \u00e9t\u00e9 install\u00e9es en C\u00f4te d\u2019Ivoire. Il s\u2019agit de :<\/p>\n<ul>\n<li>la Commission \u00c9lectorale Nationale Ind\u00e9pendante d\u2019Ambassade (CEIAM) compos\u00e9e ainsi qu\u2019il suit\u00a0: Pr\u00e9sident Monsieur Abdoulaye TIENDREBEOGO\u00a0; Rapporteurs Monsieur Jacob T. SEGDA et Monsieur Mohamoud ZALLE\u00a0; Tr\u00e9sorier Mme Sylvie Marie Ida NACOULMA\/OUEDRAOGO (Ambassade).<\/li>\n<li>la Commission \u00c9lectorale Nationale Ind\u00e9pendante de Consulat (CEIC) d\u2019Abidjan compos\u00e9e ainsi qu\u2019il suit\u00a0: Pr\u00e9sident Monsieur Etienne Judica\u00ebl PORGO\u00a0; Rapporteurs Monsieur Alassane CONFE et Monsieur Mamadou OUEDRAOGO\u00a0; Percepteur Mme F\u00e9licit\u00e9 TOURE\/TUINA (Consulat g\u00e9n\u00e9ral du Burkina \u00e0 Abidjan).<\/li>\n<li>la Commission \u00c9lectorale Nationale Ind\u00e9pendante de Consulat (CEIC) de Soubr\u00e9 compos\u00e9e ainsi qu\u2019il suit\u00a0: Pr\u00e9sident Monsieur Pasba Ars\u00e8ne MOYENGA\u00a0; Rapporteurs Monsieur Windinsougsidi OUEDRAOGO et Monsieur Marou OUEDRAOGO et Percepteur Monsieur Boukary KONATE (Consulat g\u00e9n\u00e9ral du Burkina \u00e0 Soubr\u00e9).<\/li>\n<li>la Commission \u00c9lectorale Nationale Ind\u00e9pendante de Consulat (CEIC) de Bouak\u00e9 compos\u00e9e ainsi qu\u2019il suit\u00a0: Pr\u00e9sident Monsieur Salifou OUEDRAOGO\u00a0; Rapporteurs Monsieur Youssouf SAWADOGO et Monsieur Lassan\u00e9 KINDO et Percepteur Mme Clarisse SANON (Consulat g\u00e9n\u00e9ral du Burkina \u00e0 Bouak\u00e9).<\/li>\n<\/ul>\n<p>Au terme de la mission de la CENI, l\u2019Ambassadeur a formul\u00e9 d\u2019abord les vives et chaleureuses f\u00e9licitations et ensuite les v\u0153ux de r\u00e9ussite de la Repr\u00e9sentation diplomatique et consulaire aux personnes d\u00e9sign\u00e9es Il a \u00e9galement adress\u00e9 les sinc\u00e8res remerciements \u00e0 tous les acteurs de la soci\u00e9t\u00e9 civile, des partis politiques de l\u2019opposition et de la majorit\u00e9, les leaders des associations et des confessions religieuses.<\/p>\n<p>Le commissaire de la CENI, Lassan\u00e9 DAO, s\u2019est r\u00e9joui du tr\u00e8s climat durant toute la mission de la CENI en C\u00f4te d\u2019Ivoire. Le succ\u00e8s de la mission incombe \u00e0 l\u2019Ambassadeur et aux Consuls g\u00e9n\u00e9raux qui ont \u00e9t\u00e9 effectu\u00e9 au pr\u00e9alable un remarquable travail. Au nom du pr\u00e9sident de la CENI, le commissaire DAO a traduit les immenses f\u00e9licitations \u00e0 la Repr\u00e9sentation permanente du Burkina en C\u00f4te d\u2019Ivoire.<strong><em>Issouf ZABSONRE<\/em><\/strong><\/p>\n<p><strong><em>Attach\u00e9 de Presse<\/em><\/strong><\/p>\n<p><strong><em>Ambassade du Burkina<\/em><\/strong><\/p>\n<p><strong><em>Abidjan<\/em><\/strong><\/p>\n<div class=\"td-a-rec td-a-rec-id-content_bottom tdi_31_c4c td_block_template_1\"><img loading=\"lazy\" decoding=\"async\" class=\"aligncenter size-full wp-image-9623\" src=\"https:\/\/www.sidwaya.info\/wp-content\/uploads\/2019\/06\/Projet-bannie%CC%80re-Orange-mobile.jpg\" alt=\"\" width=\"728\" height=\"81\"\/><\/div>\n<p>Auteur: BS. Sidwaya<br \/>\n<a href=\"https:\/\/www.sidwaya.info\/blog\/2019\/11\/08\/installation-des-demembrements-de-la-ceni-en-cote-divoire\/\">Cliquez ici pour lire l&rsquo;article depuis sa source.<\/a><\/p>\n","protected":false},"excerpt":{"rendered":"<p>L\u2019Ambassade et les Consulats g\u00e9n\u00e9raux du Burkina \u00e0 Abidjan, \u00e0 Soubr\u00e9 et \u00e0 Bouak\u00e9 ont d\u00e9sormais leurs d\u00e9membrements Ce vendredi 08 novembre 2019, a eu lieu dans la salle de r\u00e9union du Consulat g\u00e9n\u00e9ral du Burkina \u00e0 Abidjan, la c\u00e9r\u00e9monie de d\u00e9signation, puis l\u2019installation, la formation et la prestation de serment des membres de la [&hellip;]<\/p>\n","protected":false},"author":1816,"featured_media":0,"comment_status":"closed","ping_status":"closed","sticky":false,"template":"","format":"standard","meta":{"fifu_image_url":"","fifu_image_alt":"","footnotes":""},"categories":[73,81],"tags":[],"class_list":["post-66933","post","type-post","status-publish","format-standard","hentry","category-actualite","category-burkina-faso"],"_links":{"self":[{"href":"https:\/\/linitiative.ca\/International\/wp-json\/wp\/v2\/posts\/66933","targetHints":{"allow":["GET"]}}],"collection":[{"href":"https:\/\/linitiative.ca\/International\/wp-json\/wp\/v2\/posts"}],"about":[{"href":"https:\/\/linitiative.ca\/International\/wp-json\/wp\/v2\/types\/post"}],"author":[{"embeddable":true,"href":"https:\/\/linitiative.ca\/International\/wp-json\/wp\/v2\/users\/1816"}],"replies":[{"embeddable":true,"href":"https:\/\/linitiative.ca\/International\/wp-json\/wp\/v2\/comments?post=66933"}],"version-history":[{"count":0,"href":"https:\/\/linitiative.ca\/International\/wp-json\/wp\/v2\/posts\/66933\/revisions"}],"wp:attachment":[{"href":"https:\/\/linitiative.ca\/International\/wp-json\/wp\/v2\/media?parent=66933"}],"wp:term":[{"taxonomy":"category","embeddable":true,"href":"https:\/\/linitiative.ca\/International\/wp-json\/wp\/v2\/categories?post=66933"},{"taxonomy":"post_tag","embeddable":true,"href":"https:\/\/linitiative.ca\/International\/wp-json\/wp\/v2\/tags?post=66933"}],"curies":[{"name":"wp","href":"https:\/\/api.w.org\/{rel}","templated":true}]}}