{"id":66934,"date":"2019-11-08T14:18:08","date_gmt":"2019-11-08T19:18:08","guid":{"rendered":"https:\/\/linitiative.ca\/International\/ble-goude-veut-discuter-avec-le-pouvoir-en-cote-divoire-selon-son-parti-le-cojep\/"},"modified":"2019-11-08T14:18:08","modified_gmt":"2019-11-08T19:18:08","slug":"ble-goude-veut-discuter-avec-le-pouvoir-en-cote-divoire-selon-son-parti-le-cojep","status":"publish","type":"post","link":"https:\/\/linitiative.ca\/International\/ble-goude-veut-discuter-avec-le-pouvoir-en-cote-divoire-selon-son-parti-le-cojep\/","title":{"rendered":"Bl\u00e9 Goud\u00e9 veut \u00ab discuter avec le pouvoir \u00bb en C\u00f4te d\u2019Ivoire, selon son parti, le Cojep"},"content":{"rendered":"<div readability=\"32\">\n<p>Publi\u00e9 le 08.11.2019 \u00e0 20h18 par APA News<\/p>\n<\/div>\n<div readability=\"114\">\n<p>Charles Bl\u00e9 Goud\u00e9, actuellement poursuivi en C\u00f4te d\u2019Ivoire dans le cadre de la crise post-\u00e9lectorale de 2010-2011, veut \u00ab discuter avec le pouvoir \u00bb ivoirien en vue de la r\u00e9conciliation dans son pays, a dit vendredi Patrice Saraka, le secr\u00e9taire g\u00e9n\u00e9ral de son parti, le Congr\u00e8s panafricain pour la justice et l\u2019\u00e9galit\u00e9 des peuples (Cojep, opposition).M. Charles Bl\u00e9 Goud\u00e9 dit qu\u2019 \u00ab il veut discuter avec le pouvoir \u00bb et \u00ab il ne demande que \u00e7a, \u00e0 discuter \u00bb, a d\u00e9clar\u00e9 M. Patrice Saraka, le secr\u00e9taire g\u00e9n\u00e9ral du Cojep, insinuant qu\u2019on ne peut tordre sa main et le forcer \u00e0 discuter alors qu\u2019 il est dispos\u00e9 \u00e0 le faire, lors d\u2019une conf\u00e9rence de presse. \u00a0<\/p>\n<p>Pour M. Saraka, \u00ab on n\u2019a pas besoin de le forcer (car) il a le sens de l\u2019anticipation \u00bb et il a dit d\u00e9j\u00e0 ce qu\u2019 il veut faire. Son leader, ajoutera-t-il se d\u00e9clare \u00ab candidat \u00e0 la r\u00e9conciliation et \u00e0 la paix en C\u00f4te d\u2019Ivoire \u00bb.<\/p>\n<p>Il est pr\u00eat \u00e0 recevoir tout le monde, \u00ab il continuera de le faire, \u00e7a peut choquer les gens mais c\u2019est dans sa d\u00e9marche. On a aucun m\u00e9rite \u00e0 rencontrer seulement ceux qui t\u2019aiment \u00bb, a soutenu le secr\u00e9taire g\u00e9n\u00e9ral du Cojep. \u00a0<\/p>\n<p>Cela vise en outre \u00e0 \u00ab d\u00e9montrer qu\u2019 il est un homme d\u2019une autre dimension, (et pour ce faire) il faut faire des choses que le citoyen lambda ne peut comprendre \u00e0 priori, mais dans l\u2019int\u00e9r\u00eat du peuple souverain de C\u00f4te d\u2019Ivoire et de l\u2019Afrique \u00bb, a-t-il soutenu.\u00a0<\/p>\n<p>Le vice-pr\u00e9sident du Cojep, Roselin Bly, a pour sa part soutenu que \u00ab cette id\u00e9e (de compromis) est partag\u00e9e aussi par certains pourfendeurs de Charles Bl\u00e9 Goud\u00e9, et lorsqu\u2019il a \u00e9t\u00e9 extrad\u00e9 en 2013 du Ghana vers la C\u00f4te d\u2019Ivoire, beaucoup ont dit qu\u2019il est venu pour n\u00e9gocier avec le pouvoir et pour l\u2019accompagner\u00bb.<\/p>\n<p>Pendant 14 mois, il a \u00e9t\u00e9 cependant tenu dans le sous sol de la Direction de la surveillance du territoire, il pouvait c\u00e9der \u00e0 la compromission, mais transf\u00e9r\u00e9 \u00e0 la Cour p\u00e9nale internationale o\u00f9 il a \u00e9t\u00e9 blanchi, ce n\u2019est pas maintenant qu\u2019il va se confier au pouvoir pour abandonner le chemin de la lutte, a-t-il dit.<\/p>\n<p>Face \u00e0 la presse jeudi, le procureur g\u00e9n\u00e9ral pr\u00e8s la Cour d\u2019appel d\u2019Abidjan, le magistrat Marie-L\u00e9onard Lebry, a annonc\u00e9 que la Chambre d\u2019instruction a d\u00e9cid\u00e9 de renvoyer l\u2019affaire Bl\u00e9 Goud\u00e9 en proc\u00e8s devant un tribunal criminel.\u00a0<\/p>\n<p>\u00ab La sous traitante du dossier Charles Bl\u00e9 Goud\u00e9 ayant \u00e9chou\u00e9 \u00e0 la Cour p\u00e9nale internationale, le pouvoir ivoirien tente d\u2019utiliser \u00e0 nouveau l\u2019appareil judiciaire pour faire aboutir son programme et son propre agenda politique \u00bb, a estim\u00e9 M. Patrice Saraka.<\/p>\n<p>\u00ab Au vue de la variation des accusations en l\u2019espace de trois semaines, le Cojep conclut l\u00e9gitimement que la justice ivoirienne ne sait pas pourquoi elle poursuit Charles Bl\u00e9 Goud\u00e9 en r\u00e9alit\u00e9. Il n\u2019est pas poursuivi pour ce qu\u2019il a fait, mais pour ce qu\u2019il est \u00bb, a-t-il fait \u00a0savoir.<\/p>\n<p>Pour le Cojep, le pr\u00e9sident de leur parti, Charles Bl\u00e9 Goud\u00e9, \u00ab un leader charismatique, \u00a0est vu comme un adversaire redoutable \u00bb \u00e0 \u00ab \u00e9carter \u00bb par \u00ab le r\u00e9gime ivoirien qui s\u2019acharne contre lui pour l\u2019emp\u00eacher de participer pleinement \u00e0 la vie politique en C\u00f4te d\u2019Ivoire\u00bb.\u00a0<\/p>\n<\/div>\n<p>Auteur: APA News<br \/>\n<a href=\"https:\/\/www.journalducameroun.com\/ble-goude-veut-discuter-avec-le-pouvoir-en-cote-divoire-selon-son-parti-le-cojep\/\">Cliquez ici pour lire l&rsquo;article depuis sa source.<\/a><\/p>\n","protected":false},"excerpt":{"rendered":"<p>Publi\u00e9 le 08.11.2019 \u00e0 20h18 par APA News Charles Bl\u00e9 Goud\u00e9, actuellement poursuivi en C\u00f4te d\u2019Ivoire dans le cadre de la crise post-\u00e9lectorale de 2010-2011, veut \u00ab discuter avec le pouvoir \u00bb ivoirien en vue de la r\u00e9conciliation dans son pays, a dit vendredi Patrice Saraka, le secr\u00e9taire g\u00e9n\u00e9ral de son parti, le Congr\u00e8s panafricain [&hellip;]<\/p>\n","protected":false},"author":1965,"featured_media":0,"comment_status":"closed","ping_status":"closed","sticky":false,"template":"","format":"standard","meta":{"fifu_image_url":"","fifu_image_alt":"","footnotes":""},"categories":[73,82],"tags":[],"class_list":["post-66934","post","type-post","status-publish","format-standard","hentry","category-actualite","category-cameroun"],"_links":{"self":[{"href":"https:\/\/linitiative.ca\/International\/wp-json\/wp\/v2\/posts\/66934","targetHints":{"allow":["GET"]}}],"collection":[{"href":"https:\/\/linitiative.ca\/International\/wp-json\/wp\/v2\/posts"}],"about":[{"href":"https:\/\/linitiative.ca\/International\/wp-json\/wp\/v2\/types\/post"}],"author":[{"embeddable":true,"href":"https:\/\/linitiative.ca\/International\/wp-json\/wp\/v2\/users\/1965"}],"replies":[{"embeddable":true,"href":"https:\/\/linitiative.ca\/International\/wp-json\/wp\/v2\/comments?post=66934"}],"version-history":[{"count":0,"href":"https:\/\/linitiative.ca\/International\/wp-json\/wp\/v2\/posts\/66934\/revisions"}],"wp:attachment":[{"href":"https:\/\/linitiative.ca\/International\/wp-json\/wp\/v2\/media?parent=66934"}],"wp:term":[{"taxonomy":"category","embeddable":true,"href":"https:\/\/linitiative.ca\/International\/wp-json\/wp\/v2\/categories?post=66934"},{"taxonomy":"post_tag","embeddable":true,"href":"https:\/\/linitiative.ca\/International\/wp-json\/wp\/v2\/tags?post=66934"}],"curies":[{"name":"wp","href":"https:\/\/api.w.org\/{rel}","templated":true}]}}