{"id":66936,"date":"2019-11-08T14:50:02","date_gmt":"2019-11-08T19:50:02","guid":{"rendered":"https:\/\/linitiative.ca\/International\/georgie-lextreme-droite-manifeste-contre-un-film-lgbt-nomine-aux-oscars\/"},"modified":"2019-11-08T14:50:02","modified_gmt":"2019-11-08T19:50:02","slug":"georgie-lextreme-droite-manifeste-contre-un-film-lgbt-nomine-aux-oscars","status":"publish","type":"post","link":"https:\/\/linitiative.ca\/International\/georgie-lextreme-droite-manifeste-contre-un-film-lgbt-nomine-aux-oscars\/","title":{"rendered":"G\u00e9orgie: l\u2019extr\u00eame droite manifeste contre un film LGBT nomin\u00e9 aux Oscars"},"content":{"rendered":"<div readability=\"32\">\n<p>Publi\u00e9 le 08.11.2019 \u00e0 20h50 par AFP<\/p>\n<\/div>\n<div readability=\"123\">\n<p>Des groupes d\u2019extr\u00eame droite manifestaient vendredi en G\u00e9orgie, br\u00fblant notamment un drapeau arc-en-ciel, contre la premi\u00e8re d\u2019un film \u2013 nomin\u00e9 aux Oscars \u2013 mettant en lumi\u00e8re la discrimination de la communaut\u00e9 LGBT dans ce pays du Caucase.<\/p>\n<p>\u00ab\u00a0Et puis nous danserons\u00a0\u00bb de Levan Akin met en sc\u00e8ne une histoire d\u2019amour entre deux hommes, danseurs au ballet national de G\u00e9orgie. Acclam\u00e9 \u00e0 l\u2019\u00e9tranger, le film a provoqu\u00e9 la controverse au sein d\u2019une soci\u00e9t\u00e9 g\u00e9orgienne r\u00e9put\u00e9e conservatrice et a \u00e9t\u00e9 d\u00e9nonc\u00e9 par l\u2019influente Eglise orthodoxe g\u00e9orgienne comme un \u00ab\u00a0affront aux valeurs traditionnelles\u00a0\u00bb du pays.<\/p>\n<p>Des centaines de militants anti-LGBT \u00e9taient r\u00e9unis vendredi soir devant le cin\u00e9ma Amirani, dans la capitale, Tbilissi.<\/p>\n<p>\u00ab\u00a0Longue vie \u00e0 la G\u00e9orgie!\u00a0\u00bb, \u00ab\u00a0Honte!\u00a0\u00bb scandaient-ils, alors qu\u2019un important dispositif policier \u00e9tait d\u00e9ploy\u00e9 sur place. Les manifestants ont \u00e9galement br\u00fbl\u00e9 un drapeau arc-en-ciel, tandis qu\u2019un pr\u00eatre orthodoxe r\u00e9citait une pri\u00e8re.<\/p>\n<p>Le minist\u00e8re de l\u2019Int\u00e9rieur a annonc\u00e9 l\u2019arrestation de onze manifestants pour \u00ab\u00a0d\u00e9sob\u00e9issance aux forces de l\u2019ordre\u00a0\u00bb.<\/p>\n<p>\u00ab\u00a0La danse folklorique g\u00e9orgienne est au coeur des nos valeurs spirituelles, nous n\u2019allons pas laisser d\u00e9fier nos traditions\u00a0\u00bb, a affirm\u00e9 l\u2019une des manifestantes, Teona Gogava, une femme au foyer de 35 ans interrog\u00e9e par l\u2019AFP.<\/p>\n<p>Les responsables du cin\u00e9ma, qui ont post\u00e9 une vid\u00e9o sur Facebook montrant des policiers inspectant les si\u00e8ges de la salle avec des chiens avant la projection, ont affirm\u00e9 que tous les d\u00e9tenteurs d\u2019un billet avaient \u00e9t\u00e9 autoris\u00e9s \u00e0 entrer.<\/p>\n<p>Maka Kiladze, un chor\u00e9graphe de 40 ans pr\u00e9sent dans la salle, a trouv\u00e9 \u00ab\u00a0anormal\u00a0\u00bb de devoir faire face \u00e0 une \u00ab\u00a0foule en col\u00e8re\u00a0\u00bb. \u00ab\u00a0Ce film a suscit\u00e9 un grand int\u00e9r\u00eat en G\u00e9orgie\u00a0\u00bb, a-t-il ajout\u00e9.<\/p>\n<p>\u2013 \u00ab\u00a0Forces t\u00e9n\u00e9breuses\u00a0\u00bb \u2013<\/p>\n<p>Le r\u00e9alisateur du film, Levan Akin, Su\u00e9dois d\u2019origine g\u00e9orgienne, avait indiqu\u00e9 plus t\u00f4t que des groupes d\u2019extr\u00eame droite et des militants religieux avaient \u00ab\u00a0l\u2019intention d\u2019emp\u00eacher les gens d\u2019assister\u00a0\u00bb \u00e0 la premi\u00e8re du film, pour laquelle toutes les places disponibles ont \u00e9t\u00e9 vendues.<\/p>\n<p>\u00ab\u00a0Nous vivons des temps obscurs et les manifestations \u00e0 venir prouvent \u00e0 quel point il est vital de lutter contre ces forces t\u00e9n\u00e9breuses par tous les moyens\u00a0\u00bb, avait-il ajout\u00e9.<\/p>\n<p>Un ancien d\u00e9put\u00e9 du parti au pouvoir, Sandro Bregadz\u00e9, a notamment averti cette semaine que le groupe nationaliste qu\u2019il pr\u00e9side, Marche g\u00e9orgienne, allait s\u2019opposer \u00e0 la premi\u00e8re du film, le qualifiant de \u00ab\u00a0propagande de la sodomie\u00a0\u00bb.<\/p>\n<p>Levan Vasadz\u00e9, homme d\u2019affaires li\u00e9 \u00e0 des groupes anti-occidentaux et d\u2019extr\u00eame droite en Russie, avait de son c\u00f4t\u00e9 affirm\u00e9 que ses partisans \u00ab\u00a0entreront dans les salles des six cin\u00e9mas de Tbilissi pour \u00e9teindre les projecteurs\u00a0\u00bb, promettant de \u00ab\u00a0repousser la police si besoin\u00a0\u00bb.<\/p>\n<p>Le minist\u00e8re g\u00e9orgien de l\u2019Int\u00e9rieur a promis dans un communiqu\u00e9 d\u2019assurer \u00ab\u00a0la protection du public et l\u2019ordre, ainsi que la libert\u00e9 d\u2019expression\u00a0\u00bb. Il a pr\u00e9venu que la police allait \u00ab\u00a0supprimer tout acte ill\u00e9gal imm\u00e9diatement\u00a0\u00bb.<\/p>\n<p>L\u2019homosexualit\u00e9 est un sujet tabou en G\u00e9orgie comme dans tout le Caucase et une grande partie de l\u2019ex-URSS.<\/p>\n<p>Les d\u00e9tracteurs du parti au pouvoir du R\u00eave g\u00e9orgien ont accus\u00e9 le gouvernement de soutien tacite aux groupes homophobes et nationalistes en \u00e9change de leur soutien aux \u00e9lections et lors des rassemblements anti-opposition.<\/p>\n<\/div>\n<p>Auteur: AFP<br \/>\n<a href=\"https:\/\/www.journalducameroun.com\/georgie-lextreme-droite-manifeste-contre-un-film-lgbt-nomine-aux-oscars\/\">Cliquez ici pour lire l&rsquo;article depuis sa source.<\/a><\/p>\n","protected":false},"excerpt":{"rendered":"<p>Publi\u00e9 le 08.11.2019 \u00e0 20h50 par AFP Des groupes d\u2019extr\u00eame droite manifestaient vendredi en G\u00e9orgie, br\u00fblant notamment un drapeau arc-en-ciel, contre la premi\u00e8re d\u2019un film \u2013 nomin\u00e9 aux Oscars \u2013 mettant en lumi\u00e8re la discrimination de la communaut\u00e9 LGBT dans ce pays du Caucase. \u00ab\u00a0Et puis nous danserons\u00a0\u00bb de Levan Akin met en sc\u00e8ne une [&hellip;]<\/p>\n","protected":false},"author":1965,"featured_media":0,"comment_status":"closed","ping_status":"closed","sticky":false,"template":"","format":"standard","meta":{"fifu_image_url":"","fifu_image_alt":"","footnotes":""},"categories":[73,82],"tags":[],"class_list":["post-66936","post","type-post","status-publish","format-standard","hentry","category-actualite","category-cameroun"],"_links":{"self":[{"href":"https:\/\/linitiative.ca\/International\/wp-json\/wp\/v2\/posts\/66936","targetHints":{"allow":["GET"]}}],"collection":[{"href":"https:\/\/linitiative.ca\/International\/wp-json\/wp\/v2\/posts"}],"about":[{"href":"https:\/\/linitiative.ca\/International\/wp-json\/wp\/v2\/types\/post"}],"author":[{"embeddable":true,"href":"https:\/\/linitiative.ca\/International\/wp-json\/wp\/v2\/users\/1965"}],"replies":[{"embeddable":true,"href":"https:\/\/linitiative.ca\/International\/wp-json\/wp\/v2\/comments?post=66936"}],"version-history":[{"count":0,"href":"https:\/\/linitiative.ca\/International\/wp-json\/wp\/v2\/posts\/66936\/revisions"}],"wp:attachment":[{"href":"https:\/\/linitiative.ca\/International\/wp-json\/wp\/v2\/media?parent=66936"}],"wp:term":[{"taxonomy":"category","embeddable":true,"href":"https:\/\/linitiative.ca\/International\/wp-json\/wp\/v2\/categories?post=66936"},{"taxonomy":"post_tag","embeddable":true,"href":"https:\/\/linitiative.ca\/International\/wp-json\/wp\/v2\/tags?post=66936"}],"curies":[{"name":"wp","href":"https:\/\/api.w.org\/{rel}","templated":true}]}}