{"id":66937,"date":"2019-11-08T16:50:02","date_gmt":"2019-11-08T21:50:02","guid":{"rendered":"https:\/\/linitiative.ca\/International\/maison-blanche-biden-defend-son-statut-de-favori-democrate-face-a-bloomberg\/"},"modified":"2019-11-08T16:50:02","modified_gmt":"2019-11-08T21:50:02","slug":"maison-blanche-biden-defend-son-statut-de-favori-democrate-face-a-bloomberg","status":"publish","type":"post","link":"https:\/\/linitiative.ca\/International\/maison-blanche-biden-defend-son-statut-de-favori-democrate-face-a-bloomberg\/","title":{"rendered":"Maison Blanche: Biden d\u00e9fend son statut de favori d\u00e9mocrate face \u00e0 Bloomberg"},"content":{"rendered":"<div readability=\"32\">\n<p>Publi\u00e9 le 08.11.2019 \u00e0 22h50 par AFP<\/p>\n<\/div>\n<div readability=\"152\">\n<p>L\u2019ancien vice-pr\u00e9sident am\u00e9ricain Joe Biden s\u2019est montr\u00e9 confiant vendredi apr\u00e8s l\u2019annonce que le milliardaire Michael Bloomberg envisageait de se lancer dans la primaire d\u00e9mocrate, ouvrant un possible duel au centre du parti entre les deux septuag\u00e9naires pour d\u00e9fier Donald Trump en 2020.<\/p>\n<p>Si elle \u00e9tait confirm\u00e9e, la candidature de l\u2019ex-maire de New York serait pourtant p\u00e9rilleuse pour Joe Biden, toujours favori de la primaire d\u00e9mocrate mais en perte de vitesse \u00e0 trois mois du premier scrutin.<\/p>\n<p>\u00ab\u00a0Il est le bienvenu. Michael est un type bien\u00a0\u00bb, a d\u00e9clar\u00e9 l\u2019ex-bras droit de Barack Obama depuis Concord, dans le New Hampshire, o\u00f9 il venait de d\u00e9poser sa candidature officielle pour la primaire de cet Etat influent, car il sera parmi les premiers \u00e0 voter en f\u00e9vrier.<\/p>\n<p>Jurant n\u2019avoir \u00ab\u00a0aucun probl\u00e8me\u00a0\u00bb avec l\u2019\u00e9ventuelle entr\u00e9e en piste de Michael Bloomberg, M. Biden s\u2019est pr\u00e9sent\u00e9 en meilleur rempart pour emp\u00eacher le pr\u00e9sident r\u00e9publicain de d\u00e9crocher un second mandat en novembre 2020.<\/p>\n<p>\u00ab\u00a0J\u2019\u00e9tais bien en avance dans les derniers sondages que j\u2019ai regard\u00e9s\u00a0\u00bb, notamment dans les Etats cl\u00e9s pour remporter la Maison Blanche, aussi \u00ab\u00a0bien face \u00e0 Trump\u00a0\u00bb que face aux nombreux candidats \u00e0 l\u2019investiture d\u00e9mocrate, a-t-il soulign\u00e9.<\/p>\n<p>Lui aussi milliardaire et septuag\u00e9naire, Donald Trump a r\u00e9agi avec d\u00e9dain \u00e0 une possible candidature de Michael Bloomberg.<\/p>\n<p>\u00ab\u00a0Le petit Michael \u00e9chouera\u00a0\u00bb, a-t-il assur\u00e9 en r\u00e9f\u00e9rence \u00e0 la taille du milliardaire, environ 1,70 m\u00e8tre. \u00ab\u00a0Je pense qu\u2019il va en fait nuire \u00e0 Biden\u00a0\u00bb, a-t-il ajout\u00e9.<\/p>\n<p>M. Bloomberg, 77 ans, avait justement annonc\u00e9 en mars qu\u2019il renon\u00e7ait \u00e0 se pr\u00e9senter pour, entre autres, ne pas saper les chances de M. Biden, 76 ans. Son revirement appara\u00eetrait donc comme un signal clair qu\u2019il doute s\u00e9rieusement des chances de Joe Biden.<\/p>\n<p>Il \u00ab\u00a0craint de plus en plus que le groupe actuel de candidats ne soit pas en bonne position pour y arriver\u00a0\u00bb, a indiqu\u00e9 Howard Wolfson, conseiller de M. Bloomberg.<\/p>\n<p>L\u2019une des dix plus grandes fortunes du monde, avec plus de 50 milliards de dollars selon le magazine Forbes, M. Bloomberg serait pr\u00eat \u00ab\u00a0\u00e0 d\u00e9penser ce qu\u2019il faudra pour battre Donald Trump\u00a0\u00bb, a indiqu\u00e9 vendredi le site politique Axios.<\/p>\n<p>D\u2019apr\u00e8s des m\u00e9dias am\u00e9ricains, M. Bloomberg rassemblait des signatures pour d\u00e9poser sa candidature avant la date butoir de ce vendredi pour la primaire de l\u2019Alabama, qui figure parmi les premiers Etats \u00e0 clore les dossiers.<\/p>\n<p>Les informations sur une candidature Bloomberg sont \u00e0 prendre avec prudence, le milliardaire ayant d\u00e9j\u00e0 plusieurs fois par le pass\u00e9 laiss\u00e9 entendre qu\u2019il pourrait viser la Maison Blanche, avant de renoncer.<\/p>\n<p>\u2013 Biden \u00ab\u00a0plus aussi solide\u00a0\u00bb \u2013<\/p>\n<p>Entr\u00e9 en campagne directement en t\u00eate des sondages en avril, M. Biden reste le favori parmi les 17 candidats en lice pour la primaire d\u00e9mocrate, mais il a vu son avance largement entam\u00e9e par la s\u00e9natrice progressiste Elizabeth Warren, qui inqui\u00e8te Wall Street.<\/p>\n<p>Elle est suivie dans les sondages par le s\u00e9nateur ind\u00e9pendant Bernie Sanders puis, en quatri\u00e8me place, par le centriste Pete Buttigieg qui pourrait aussi voir ses chances perturb\u00e9es par une entr\u00e9e en lice de M. Bloomberg.<\/p>\n<p>C\u2019est justement parce qu\u2019il est inquiet de voir que la course \u00e0 l\u2019investiture d\u00e9mocrate pourrait mettre le cap trop \u00e0 gauche avec Warren et Sanders que Bloomberg (r\u00e9)envisagerait de se pr\u00e9senter.<\/p>\n<p>\u00ab\u00a0La candidature de M. Biden n\u2019est plus aussi solide qu\u2019au d\u00e9but et si M. Bloomberg s\u2019attire le soutien des centristes du parti d\u00e9mocrate, cela sera[it] un fort signal pour M. Biden que le parti ne pense pas non plus qu\u2019il est le bon candidat\u00a0\u00bb, analyse Jason Mollica, professeur en communication \u00e0 l\u2019American University.<\/p>\n<p>M. Bloomberg doit encore \u00ab\u00a0d\u00e9montrer qu\u2019il peut v\u00e9ritablement s\u2019attirer assez de soutien pour nuire \u00e0 Biden, ou \u00e0 tout autre\u00a0\u00bb, nuance Kyle Kondik, politologue \u00e0 l\u2019universit\u00e9 de Virginie.<\/p>\n<p>Maire de New York pendant 12 ans, Michael Bloomberg a fait fortune gr\u00e2ce \u00e0 l\u2019agence d\u2019informations financi\u00e8res qui porte son nom.<\/p>\n<p>Tr\u00e8s actif dans la lutte contre le changement climatique, il a d\u00e9pens\u00e9 des millions pour soutenir des candidats d\u00e9mocrates lors d\u2019\u00e9lections locales.<\/p>\n<p>Mais alors qu\u2019il s\u2019est par le pass\u00e9 revendiqu\u00e9 ind\u00e9pendant et r\u00e9publicain, ce mod\u00e9r\u00e9 pourrait avoir du mal \u00e0 rallier les suffrages des \u00e9lecteurs progressistes.<\/p>\n<\/div>\n<p>Auteur: AFP<br \/>\n<a href=\"https:\/\/www.journalducameroun.com\/maison-blanche-biden-defend-son-statut-de-favori-democrate-face-a-bloomberg\/\">Cliquez ici pour lire l&rsquo;article depuis sa source.<\/a><\/p>\n","protected":false},"excerpt":{"rendered":"<p>Publi\u00e9 le 08.11.2019 \u00e0 22h50 par AFP L\u2019ancien vice-pr\u00e9sident am\u00e9ricain Joe Biden s\u2019est montr\u00e9 confiant vendredi apr\u00e8s l\u2019annonce que le milliardaire Michael Bloomberg envisageait de se lancer dans la primaire d\u00e9mocrate, ouvrant un possible duel au centre du parti entre les deux septuag\u00e9naires pour d\u00e9fier Donald Trump en 2020. Si elle \u00e9tait confirm\u00e9e, la candidature [&hellip;]<\/p>\n","protected":false},"author":1965,"featured_media":0,"comment_status":"closed","ping_status":"closed","sticky":false,"template":"","format":"standard","meta":{"fifu_image_url":"","fifu_image_alt":"","footnotes":""},"categories":[73,82],"tags":[],"class_list":["post-66937","post","type-post","status-publish","format-standard","hentry","category-actualite","category-cameroun"],"_links":{"self":[{"href":"https:\/\/linitiative.ca\/International\/wp-json\/wp\/v2\/posts\/66937","targetHints":{"allow":["GET"]}}],"collection":[{"href":"https:\/\/linitiative.ca\/International\/wp-json\/wp\/v2\/posts"}],"about":[{"href":"https:\/\/linitiative.ca\/International\/wp-json\/wp\/v2\/types\/post"}],"author":[{"embeddable":true,"href":"https:\/\/linitiative.ca\/International\/wp-json\/wp\/v2\/users\/1965"}],"replies":[{"embeddable":true,"href":"https:\/\/linitiative.ca\/International\/wp-json\/wp\/v2\/comments?post=66937"}],"version-history":[{"count":0,"href":"https:\/\/linitiative.ca\/International\/wp-json\/wp\/v2\/posts\/66937\/revisions"}],"wp:attachment":[{"href":"https:\/\/linitiative.ca\/International\/wp-json\/wp\/v2\/media?parent=66937"}],"wp:term":[{"taxonomy":"category","embeddable":true,"href":"https:\/\/linitiative.ca\/International\/wp-json\/wp\/v2\/categories?post=66937"},{"taxonomy":"post_tag","embeddable":true,"href":"https:\/\/linitiative.ca\/International\/wp-json\/wp\/v2\/tags?post=66937"}],"curies":[{"name":"wp","href":"https:\/\/api.w.org\/{rel}","templated":true}]}}