{"id":66939,"date":"2019-11-09T03:06:10","date_gmt":"2019-11-09T08:06:10","guid":{"rendered":"https:\/\/linitiative.ca\/International\/les-enjeux-planetaires-de-la-ville-eco-technologique-au-menu\/"},"modified":"2019-11-09T03:06:10","modified_gmt":"2019-11-09T08:06:10","slug":"les-enjeux-planetaires-de-la-ville-eco-technologique-au-menu","status":"publish","type":"post","link":"https:\/\/linitiative.ca\/International\/les-enjeux-planetaires-de-la-ville-eco-technologique-au-menu\/","title":{"rendered":"Les enjeux plan\u00e9taires de la ville Eco-Technologique au menu"},"content":{"rendered":"<p><img decoding=\"async\" class=\"post_layout_5_img\" src=\"http:\/\/aujourdhui.ma\/wp-content\/uploads\/2019\/10\/Hajbouha-Zoubeir-Pre%CC%81sidente-de-la-Fondation-Phosboucraa%CC%82..jpg?x29840\" alt=\"Les enjeux plan\u00e9taires de la ville Eco-Technologique au menu\"\/><\/p>\n<p class=\"p1\"><span class=\"s1 c4\"><strong>La Fondation Phosboucra\u00e2 a organis\u00e9 \u00e0 La\u00e2youne le Forum international urbain sur \u00abla Ville des D\u00e9fis\u00bb<\/strong><\/span><span id=\"more-322459\"\/><\/p>\n<div class=\"base-box mom_box_sc_custom mom_box_sc clear c5\" readability=\"10\">\n<p class=\"p1\"><strong><span class=\"s1\">A travers ce forum international, la Fondation vise \u00e0 faire b\u00e9n\u00e9ficier la r\u00e9gion des provinces du Sud d\u2019une plate-forme de r\u00e9flexion de haut niveau qui d\u00e9battra des nouveaux outils de dynamisation territoriale.<\/span><\/strong><\/p>\n<\/div>\n<p class=\"p1\"><span class=\"s1\">La ville de La\u00e2youne, chef-lieu des provinces du Sud, a accueilli les 18 et 19 octobre 2019 la premi\u00e8re \u00e9dition du Forum international urbain sur \u00abla Ville des D\u00e9fis\u00bb organis\u00e9 par la Fondation Phosboucra\u00e2 autour du th\u00e8me de l\u2019innovation \u00e9co-technologique, et ce en pr\u00e9sence de 44 conf\u00e9renciers venus d\u2019horizons diff\u00e9rents et repr\u00e9sentants plus de 15 pays. Cet \u00e9v\u00e9nement a \u00e9t\u00e9 marqu\u00e9 par l\u2019organisation d\u2019une s\u00e9rie de panels et des tables rondes sur le concept de la ville \u00e9co-technologique, une ville o\u00f9 les innovations technologiques sont en symbiose avec la protection de l\u2019\u00e9cosyst\u00e8me et le d\u00e9veloppement durable.<\/span><\/p>\n<p class=\"p1\"><span class=\"s1\">A travers ce forum international, la Fondation vise \u00e0 faire b\u00e9n\u00e9ficier la r\u00e9gion des provinces du Sud d\u2019une plate-forme de r\u00e9flexion de haut niveau qui d\u00e9battra des nouveaux outils de dynamisation territoriale qui permettent de relever les d\u00e9fis des villes tout en alliant innovation technologique et protection des singularit\u00e9s culturelles, environnementales, patrimoniales et paysag\u00e8res.<\/span><\/p>\n<p class=\"p1\"><span class=\"s1\">Le d\u00e9bat \u00e0 propos de ce concept est plus que crucial notamment pour les villes africaines. D\u2019ailleurs l\u2019Afrique s\u2019urbanise \u00e0 un rythme tr\u00e8s \u00e9lev\u00e9 avec un essor d\u00e9mographique sans pr\u00e9c\u00e9dent. Sa population urbaine a doubl\u00e9 entre 1995 et 2018, pour atteindre 472 millions de personnes (soit 40% de la population mondiale). Cette croissance massive a de profondes incidences sur le d\u00e9veloppement et la transformation de l\u2019Afrique. Le taux et l\u2019ampleur de l\u2019urbanisation sont en train de modifier non seulement le profil d\u00e9mographique du continent, mais aussi ses r\u00e9sultats \u00e9conomiques, environnementaux et sociaux.<\/span><\/p>\n<p><a href=\"http:\/\/aujourdhui.ma\/wp-content\/uploads\/2019\/10\/Fondation-Phosboucraa%CC%82.jpg?x29840\"><img loading=\"lazy\" decoding=\"async\" class=\"size-full wp-image-320771 aligncenter\" src=\"http:\/\/aujourdhui.ma\/wp-content\/uploads\/2019\/10\/Fondation-Phosboucraa%CC%82.jpg?x29840\" alt=\"\" width=\"746\" height=\"380\" srcset=\"http:\/\/aujourdhui.ma\/wp-content\/uploads\/2019\/10\/Fondation-Phosboucraa\u0302.jpg 746w, http:\/\/aujourdhui.ma\/wp-content\/uploads\/2019\/10\/Fondation-Phosboucraa\u0302-300x153.jpg 300w\" sizes=\"auto, (max-width: 746px) 100vw, 746px\"\/><\/a><\/p>\n<p class=\"p1\"><span class=\"s1\">\u00abL\u2019Afrique est le continent qui pollue moins la plan\u00e8te et subit beaucoup de pression li\u00e9e au gaz \u00e0 effet de serre et se heurte \u00e0 plusieurs d\u00e9fis li\u00e9s \u00e0 la surpopulation urbaine, donc il faut trouver des solutions communes avec la collaboration des urbanistes, scientifiques, chercheurs, et c\u2019est le but de ce forum qui se tient \u00e0 La\u00e2youne, qui est une r\u00e9gion pleine de g\u00e9n\u00e9rosit\u00e9, d\u2019accueil, de paix et de tol\u00e9rance. L\u2019id\u00e9e c\u2019est que ce forum devient une plateforme de rencontres entre les chercheurs pour partager les exp\u00e9riences et pr\u00e9senter les r\u00e9sultats de leurs travaux\u00bb, explique Hajbouha Zoubeir, pr\u00e9sidente de la Fondation Phosboucra\u00e2.<\/span><\/p>\n<p class=\"p1\"><span class=\"s1\">Ce ph\u00e9nom\u00e8ne de croissance urbaine reste un d\u00e9fi et une opportunit\u00e9 pour l\u2019Afrique: un d\u00e9fi de la croissance massive de sa population dans un contexte social difficile et une opportunit\u00e9 de faire diff\u00e9remment surtout que les deux tiers des infrastructures n\u00e9cessaires \u00e0 cet horizon n\u2019ont pas encore \u00e9t\u00e9 construits et que le champ des possibles est toujours ouvert.<\/span><\/p>\n<p class=\"p1\"><span class=\"s1\">Cette vision d\u2019un urbanisme au service du d\u00e9veloppement humain fait la particularit\u00e9 de l\u2019approche de la Fondation Phosboucra\u00e2 au th\u00e8me de d\u00e9veloppement territorial. Son projet de Technopole Foum El Oued a \u00e9t\u00e9 pr\u00e9sent\u00e9 lors de ce forum \u00e0 c\u00f4t\u00e9 des projets villes vertes de Benguerir et le P\u00f4le urbain de Mazagan et d\u2019autres mod\u00e8les de villes internationales, et qui illustre cette double approche qui fait de la Technopole un mod\u00e8le de la ville innovante, respectueuse des sp\u00e9cificit\u00e9s humaines et naturelles. Ce premier forum s\u2019est cl\u00f4tur\u00e9 par un meeting r\u00e9unissant tous les participants qui ont contribu\u00e9 \u00e0 jeter les bases d\u2019une charte \u00abVille \u00e9co-technologique\u00bb.<\/span><\/p>\n<p>Auteur: ALM<br \/>\n<a href=\"http:\/\/aujourdhui.ma\/economie\/les-enjeux-planetaires-de-la-ville-eco-technologique-au-menu\">Cliquez ici pour lire l&rsquo;article depuis sa source.<\/a><\/p>\n","protected":false},"excerpt":{"rendered":"<p>La Fondation Phosboucra\u00e2 a organis\u00e9 \u00e0 La\u00e2youne le Forum international urbain sur \u00abla Ville des D\u00e9fis\u00bb A travers ce forum international, la Fondation vise \u00e0 faire b\u00e9n\u00e9ficier la r\u00e9gion des provinces du Sud d\u2019une plate-forme de r\u00e9flexion de haut niveau qui d\u00e9battra des nouveaux outils de dynamisation territoriale. La ville de La\u00e2youne, chef-lieu des provinces [&hellip;]<\/p>\n","protected":false},"author":1759,"featured_media":0,"comment_status":"closed","ping_status":"closed","sticky":false,"template":"","format":"standard","meta":{"fifu_image_url":"","fifu_image_alt":"","footnotes":""},"categories":[73,54],"tags":[],"class_list":["post-66939","post","type-post","status-publish","format-standard","hentry","category-actualite","category-maroc"],"_links":{"self":[{"href":"https:\/\/linitiative.ca\/International\/wp-json\/wp\/v2\/posts\/66939","targetHints":{"allow":["GET"]}}],"collection":[{"href":"https:\/\/linitiative.ca\/International\/wp-json\/wp\/v2\/posts"}],"about":[{"href":"https:\/\/linitiative.ca\/International\/wp-json\/wp\/v2\/types\/post"}],"author":[{"embeddable":true,"href":"https:\/\/linitiative.ca\/International\/wp-json\/wp\/v2\/users\/1759"}],"replies":[{"embeddable":true,"href":"https:\/\/linitiative.ca\/International\/wp-json\/wp\/v2\/comments?post=66939"}],"version-history":[{"count":0,"href":"https:\/\/linitiative.ca\/International\/wp-json\/wp\/v2\/posts\/66939\/revisions"}],"wp:attachment":[{"href":"https:\/\/linitiative.ca\/International\/wp-json\/wp\/v2\/media?parent=66939"}],"wp:term":[{"taxonomy":"category","embeddable":true,"href":"https:\/\/linitiative.ca\/International\/wp-json\/wp\/v2\/categories?post=66939"},{"taxonomy":"post_tag","embeddable":true,"href":"https:\/\/linitiative.ca\/International\/wp-json\/wp\/v2\/tags?post=66939"}],"curies":[{"name":"wp","href":"https:\/\/api.w.org\/{rel}","templated":true}]}}