{"id":66942,"date":"2019-11-09T03:10:12","date_gmt":"2019-11-09T08:10:12","guid":{"rendered":"https:\/\/linitiative.ca\/International\/forum-mondial-de-la-securite-sociale-1-300-participants-attendus-en-2022-a-marrakech\/"},"modified":"2019-11-09T03:10:12","modified_gmt":"2019-11-09T08:10:12","slug":"forum-mondial-de-la-securite-sociale-1-300-participants-attendus-en-2022-a-marrakech","status":"publish","type":"post","link":"https:\/\/linitiative.ca\/International\/forum-mondial-de-la-securite-sociale-1-300-participants-attendus-en-2022-a-marrakech\/","title":{"rendered":"Forum mondial de la s\u00e9curit\u00e9 sociale : 1.300 participants attendus en 2022 \u00e0 Marrakech"},"content":{"rendered":"<p><img decoding=\"async\" class=\"post_layout_5_img\" src=\"http:\/\/aujourdhui.ma\/wp-content\/uploads\/2018\/10\/Ali-Bensouda-CDG.jpg?x29840\" alt=\"Forum mondial de la s\u00e9curit\u00e9 sociale : 1.300 participants attendus en 2022 \u00e0 Marrakech\"\/><\/p>\n<p class=\"p1\"><span class=\"c4\"><strong>La CDG associera \u00e0 l\u2019organisation de cet \u00e9v\u00e9nement les institutions de s\u00e9curit\u00e9 sociale marocaines membres de l\u2019association, \u00e0 savoir la CMR, la CNSS et la CIMR.<\/strong><\/span><span id=\"more-322933\"\/><\/p>\n<p class=\"p1\"><span class=\"s1\">La Caisse de d\u00e9p\u00f4t et de gestion (CDG) et ses deux organismes, la Caisse nationale de retraites et d\u2019assurances (CNRA) et le r\u00e9gime collectif d\u2019allocation de retraite (RCAR), organiseront, en 2022 \u00e0 Marrakech, le Forum mondial de la s\u00e9curit\u00e9 sociale.<\/span><\/p>\n<p class=\"p1\"><span class=\"s1\">Selon les initiateurs, l\u2019organisation de cet \u00e9v\u00e9nement a \u00e9t\u00e9 accord\u00e9e \u00e0 la CDG et aux structures qui en rel\u00e8vent lors du vote qui a eu lieu durant la r\u00e9union du comit\u00e9 ex\u00e9cutif de l\u2019Association internationale de la s\u00e9curit\u00e9 sociale (AISS) qui s\u2019est tenue \u00e0 Bruxelles du 14 au 18 octobre 2019. <em>\u00abCet \u00e9v\u00e9nement qui rassemblera plus de 1.300 personnes dont des sommit\u00e9s mondiales des secteurs de la retraite et des assurances, ainsi que des experts internationaux des 150 pays membres de l\u2019AISS permettra donc \u00e0 notre pays de se positionner comme un acteur de r\u00e9f\u00e9rence et un alli\u00e9 incontournable dans la gestion et le d\u00e9veloppement de ces deux secteurs hautement importants\u00bb,<\/em> d\u00e9taillent les organisateurs. Cette manifestation sera, \u00e9galement, l\u2019occasion de rassembler les diff\u00e9rents intervenants autour d\u2019une th\u00e9matique aussi importante et pr\u00e9occupante et de leur proposer d\u2019\u00e9changer, de d\u00e9battre, de trouver des pistes de r\u00e9flexion et pourquoi pas de proposer des actions concr\u00e8tes pour le d\u00e9veloppement de ce secteur \u00e0 forte sensibilit\u00e9 qu\u2019est la s\u00e9curit\u00e9 sociale.<\/span><\/p>\n<p class=\"p1\"><span class=\"s1\">Selon la m\u00eame source, la CDG associera \u00e0 l\u2019organisation de cet \u00e9v\u00e9nement les institutions de s\u00e9curit\u00e9 sociale marocaines membres de l\u2019association, \u00e0 savoir la Caisse marocaine des retraites (CMR), la Caisse nationale de s\u00e9curit\u00e9 sociale (CNSS) et la Caisse interprofessionnelle marocaine de retraite (CIMR).<\/span><\/p>\n<p class=\"p1\"><span class=\"s1\">A propos du choix du Maroc, les initiateurs pr\u00e9cisent qu\u2019il a \u00e9t\u00e9 fait par l\u2019AISS pour abriter les travaux de ce forum en raison de ses exp\u00e9riences r\u00e9ussies dans l\u2019organisation des grands \u00e9v\u00e8nements internationaux et de son climat s\u00e9curitaire. \u00ab<em>Aussi, l\u2019organisation de cet \u00e9v\u00e9nement \u00e0 dimension internationale dans notre pays, lequel sera hautement m\u00e9diatis\u00e9, lui donnera une notori\u00e9t\u00e9 Internationale et lui sera comme un catalyseur pour ses projets de d\u00e9veloppement de diff\u00e9rents programmes li\u00e9s au d\u00e9veloppement humain\u00bb,<\/em> poursuit la m\u00eame source.<\/span><\/p>\n<p>Auteur: ALM<br \/>\n<a href=\"http:\/\/aujourdhui.ma\/societe\/forum-mondial-de-la-securite-sociale-1-300-participants-attendus-en-2022-a-marrakech\">Cliquez ici pour lire l&rsquo;article depuis sa source.<\/a><\/p>\n","protected":false},"excerpt":{"rendered":"<p>La CDG associera \u00e0 l\u2019organisation de cet \u00e9v\u00e9nement les institutions de s\u00e9curit\u00e9 sociale marocaines membres de l\u2019association, \u00e0 savoir la CMR, la CNSS et la CIMR. La Caisse de d\u00e9p\u00f4t et de gestion (CDG) et ses deux organismes, la Caisse nationale de retraites et d\u2019assurances (CNRA) et le r\u00e9gime collectif d\u2019allocation de retraite (RCAR), organiseront, [&hellip;]<\/p>\n","protected":false},"author":1759,"featured_media":0,"comment_status":"closed","ping_status":"closed","sticky":false,"template":"","format":"standard","meta":{"fifu_image_url":"","fifu_image_alt":"","footnotes":""},"categories":[73,54],"tags":[],"class_list":["post-66942","post","type-post","status-publish","format-standard","hentry","category-actualite","category-maroc"],"_links":{"self":[{"href":"https:\/\/linitiative.ca\/International\/wp-json\/wp\/v2\/posts\/66942","targetHints":{"allow":["GET"]}}],"collection":[{"href":"https:\/\/linitiative.ca\/International\/wp-json\/wp\/v2\/posts"}],"about":[{"href":"https:\/\/linitiative.ca\/International\/wp-json\/wp\/v2\/types\/post"}],"author":[{"embeddable":true,"href":"https:\/\/linitiative.ca\/International\/wp-json\/wp\/v2\/users\/1759"}],"replies":[{"embeddable":true,"href":"https:\/\/linitiative.ca\/International\/wp-json\/wp\/v2\/comments?post=66942"}],"version-history":[{"count":0,"href":"https:\/\/linitiative.ca\/International\/wp-json\/wp\/v2\/posts\/66942\/revisions"}],"wp:attachment":[{"href":"https:\/\/linitiative.ca\/International\/wp-json\/wp\/v2\/media?parent=66942"}],"wp:term":[{"taxonomy":"category","embeddable":true,"href":"https:\/\/linitiative.ca\/International\/wp-json\/wp\/v2\/categories?post=66942"},{"taxonomy":"post_tag","embeddable":true,"href":"https:\/\/linitiative.ca\/International\/wp-json\/wp\/v2\/tags?post=66942"}],"curies":[{"name":"wp","href":"https:\/\/api.w.org\/{rel}","templated":true}]}}